{"id":49647,"date":"2025-02-06T00:13:09","date_gmt":"2025-02-06T06:13:09","guid":{"rendered":"https:\/\/noticiasveracruz.com\/?p=49647"},"modified":"2025-02-05T21:47:07","modified_gmt":"2025-02-06T03:47:07","slug":"albergue-para-migrantes-de-mexicali-espera-atender-a-connacionales","status":"publish","type":"post","link":"https:\/\/noticiasveracruz.com\/index.php\/2025\/02\/06\/albergue-para-migrantes-de-mexicali-espera-atender-a-connacionales\/","title":{"rendered":"Albergue para migrantes de Mexicali espera atender a connacionales"},"content":{"rendered":"<p>El albergue para migrantes con una capacidad para atender a dos mil 500 personas, instalado en Mexicali por el gobierno de M\u00e9xico se encuentra en espera de atender a los connacionales deportados de Estados Unidos por el puerto fronterizo de Calexico.<\/p>\n<p>El refugio temporal se instal\u00f3 en terrenos del Centro de Ferias, Espect\u00e1culos y Exposiciones (FEX) situado a un kil\u00f3metro del Centro C\u00edvico donde se encuentra los edificios de los Poderes P\u00fablicos de Baja California, justo en la confluencia de dos vialidades importantes de esta capital: bulevar R\u00edo Nuevo y calzada Independencia.<\/p>\n<p>Se trata de un campamento hecho de carpas blancas con divisiones y dormitorios para mujeres, ni\u00f1os y hombres que ser\u00e1n recibidos en un \u00e1rea de registro sobre su procedencia, datos personales y lugar de origen, adem\u00e1s de tramitar su CURP, su acta de nacimiento, credencial, su apoyo econ\u00f3mico de dos mil pesos y, en su caso, su traslado a alg\u00fan punto del pa\u00eds.<\/p>\n<p>Estos albergues denominados como Centros Integradores de Migrantes formaron parte de una estrategia nacional dise\u00f1ada en 2019 durante el gobierno de Andr\u00e9s Manuel L\u00f3pez Obrador, para atender a la poblaci\u00f3n migrante retornada a M\u00e9xico en espera de su cita en Estados Unidos.<\/p>\n<p>De ah\u00ed surge el prop\u00f3sito de vincular a los migrantes con ofertas de trabajo formales durante el tiempo de estancia en el pa\u00eds, toda vez que se destinaron a migrantes extranjeros y connacionales que hicieron tr\u00e1mites en la primera administraci\u00f3n de Donald Trump.<\/p>\n<p>Aunque el gobierno de M\u00e9xico dio por hecho la operaci\u00f3n de tres centros Integradores en la frontera norte, el de Mexicali nunca se instal\u00f3 por protestas de vecinos y el de Tijuana apenas atendi\u00f3 al 10 por ciento de su capacidad.<\/p>\n<p>En esta ocasi\u00f3n, ya en el segundo mandato de Trump, el albergue de Mexicali se instal\u00f3 en terrenos municipales bajo la coordinaci\u00f3n de marinos con funcionarios federales y estatales.<\/p>\n","protected":false},"excerpt":{"rendered":"<p>El albergue para migrantes con una capacidad para atender a dos mil 500 personas, instalado en Mexicali por el gobierno<\/p>\n","protected":false},"author":4,"featured_media":49648,"comment_status":"closed","ping_status":"closed","sticky":false,"template":"","format":"standard","meta":{"colormag_page_container_layout":"default_layout","colormag_page_sidebar_layout":"default_layout","_jetpack_memberships_contains_paid_content":false,"footnotes":"","jetpack_publicize_message":"","jetpack_publicize_feature_enabled":true,"jetpack_social_post_already_shared":true,"jetpack_social_options":{"image_generator_settings":{"template":"highway","default_image_id":0,"font":"","enabled":false},"version":2}},"categories":[145],"tags":[],"class_list":["post-49647","post","type-post","status-publish","format-standard","has-post-thumbnail","hentry","category-estados"],"jetpack_publicize_connections":[],"jetpack_featured_media_url":"https:\/\/noticiasveracruz.com\/wp-content\/uploads\/2025\/02\/AlbergueMxli.jpg","jetpack_sharing_enabled":true,"publishpress_future_action":{"enabled":false,"date":"2026-05-07 16:50:54","action":"change-status","newStatus":"draft","terms":[],"taxonomy":"category","extraData":[]},"publishpress_future_workflow_manual_trigger":{"enabledWorkflows":[]},"_links":{"self":[{"href":"https:\/\/noticiasveracruz.com\/index.php\/wp-json\/wp\/v2\/posts\/49647","targetHints":{"allow":["GET"]}}],"collection":[{"href":"https:\/\/noticiasveracruz.com\/index.php\/wp-json\/wp\/v2\/posts"}],"about":[{"href":"https:\/\/noticiasveracruz.com\/index.php\/wp-json\/wp\/v2\/types\/post"}],"author":[{"embeddable":true,"href":"https:\/\/noticiasveracruz.com\/index.php\/wp-json\/wp\/v2\/users\/4"}],"replies":[{"embeddable":true,"href":"https:\/\/noticiasveracruz.com\/index.php\/wp-json\/wp\/v2\/comments?post=49647"}],"version-history":[{"count":0,"href":"https:\/\/noticiasveracruz.com\/index.php\/wp-json\/wp\/v2\/posts\/49647\/revisions"}],"wp:featuredmedia":[{"embeddable":true,"href":"https:\/\/noticiasveracruz.com\/index.php\/wp-json\/wp\/v2\/media\/49648"}],"wp:attachment":[{"href":"https:\/\/noticiasveracruz.com\/index.php\/wp-json\/wp\/v2\/media?parent=49647"}],"wp:term":[{"taxonomy":"category","embeddable":true,"href":"https:\/\/noticiasveracruz.com\/index.php\/wp-json\/wp\/v2\/categories?post=49647"},{"taxonomy":"post_tag","embeddable":true,"href":"https:\/\/noticiasveracruz.com\/index.php\/wp-json\/wp\/v2\/tags?post=49647"}],"curies":[{"name":"wp","href":"https:\/\/api.w.org\/{rel}","templated":true}]}}