{"id":49641,"date":"2025-02-06T00:11:22","date_gmt":"2025-02-06T06:11:22","guid":{"rendered":"https:\/\/noticiasveracruz.com\/?p=49641"},"modified":"2025-02-05T21:42:06","modified_gmt":"2025-02-06T03:42:06","slug":"los-brics-tienen-derecho-a-buscar-alternativas-al-dolar-afirma-lula","status":"publish","type":"post","link":"https:\/\/noticiasveracruz.com\/index.php\/2025\/02\/06\/los-brics-tienen-derecho-a-buscar-alternativas-al-dolar-afirma-lula\/","title":{"rendered":"Los BRICS tienen derecho a buscar alternativas al d\u00f3lar, afirma Lula"},"content":{"rendered":"<p>El presidente de Brasil, Luiz In\u00e1cio Lula da Silva, asegur\u00f3\u00a0este\u00a0mi\u00e9rcoles que los pa\u00edses del grupo BRICS (Brasil, Rusia, India, China y Sud\u00e1frica) tienen el \u201cderecho\u201d de buscar una alternativa al d\u00f3lar para ejercer el comercio internacional.<\/p>\n<p>\u201cEl mundo no decidi\u00f3 que el d\u00f3lar ser\u00eda la moneda mundial, fue Estados Unidos. Los BRICS representan casi la mitad de la poblaci\u00f3n mundial y del comercio exterior, por eso tenemos derecho a buscar alternativas\u201d, declar\u00f3 Lula da Silva.<\/p>\n<p>El mandatario brasile\u00f1o advirti\u00f3, en di\u00e1logo con radiodifusoras del estado de Minas Gerais (sureste), que el pa\u00eds sudamericano aplicar\u00e1 la reciprocidad en caso de que Estados Unidos le aplique sanciones tarifarias.<\/p>\n<p>\u201cSi un pa\u00eds aumenta el arancel de los productos de Brasil, nosotros tambi\u00e9n lo haremos. La Organizaci\u00f3n Mundial del Comercio (OMC) permite ajustes de hasta 35 por ciento y usaremos eso en caso de ser necesario\u201d, manifest\u00f3.<\/p>\n<p>Lula da Silva enfatiz\u00f3 que la dependencia de la moneda estadunidense impone barreras comerciales y limita la soberan\u00eda financiera de los pa\u00edses en desarrollo, adem\u00e1s de que es importante recuperar la armon\u00eda global y el fortalecimiento del di\u00e1logo internacional.<\/p>\n<p>Sostuvo que se requiere \u201carmon\u00eda\u201d en las relaciones diplom\u00e1ticas a nivel internacional, al preguntarse c\u00f3mo prescindir de otros pa\u00edses relevantes en el mundo y de mercados emergentes, pues consider\u00f3 que la actitud de Trump a\u00edsla a Estados Unidos.<\/p>\n","protected":false},"excerpt":{"rendered":"<p>El presidente de Brasil, Luiz In\u00e1cio Lula da Silva, asegur\u00f3\u00a0este\u00a0mi\u00e9rcoles que los pa\u00edses del grupo BRICS (Brasil, Rusia, India, China<\/p>\n","protected":false},"author":4,"featured_media":49642,"comment_status":"closed","ping_status":"closed","sticky":false,"template":"","format":"standard","meta":{"colormag_page_container_layout":"default_layout","colormag_page_sidebar_layout":"default_layout","_jetpack_memberships_contains_paid_content":false,"footnotes":"","jetpack_publicize_message":"","jetpack_publicize_feature_enabled":true,"jetpack_social_post_already_shared":true,"jetpack_social_options":{"image_generator_settings":{"template":"highway","default_image_id":0,"font":"","enabled":false},"version":2}},"categories":[1947],"tags":[],"class_list":["post-49641","post","type-post","status-publish","format-standard","has-post-thumbnail","hentry","category-economia"],"jetpack_publicize_connections":[],"jetpack_featured_media_url":"https:\/\/noticiasveracruz.com\/wp-content\/uploads\/2025\/02\/8iHRF9fYc_360x240__1.jpg","jetpack_sharing_enabled":true,"publishpress_future_action":{"enabled":false,"date":"2026-05-07 18:17:49","action":"change-status","newStatus":"draft","terms":[],"taxonomy":"category","extraData":[]},"publishpress_future_workflow_manual_trigger":{"enabledWorkflows":[]},"_links":{"self":[{"href":"https:\/\/noticiasveracruz.com\/index.php\/wp-json\/wp\/v2\/posts\/49641","targetHints":{"allow":["GET"]}}],"collection":[{"href":"https:\/\/noticiasveracruz.com\/index.php\/wp-json\/wp\/v2\/posts"}],"about":[{"href":"https:\/\/noticiasveracruz.com\/index.php\/wp-json\/wp\/v2\/types\/post"}],"author":[{"embeddable":true,"href":"https:\/\/noticiasveracruz.com\/index.php\/wp-json\/wp\/v2\/users\/4"}],"replies":[{"embeddable":true,"href":"https:\/\/noticiasveracruz.com\/index.php\/wp-json\/wp\/v2\/comments?post=49641"}],"version-history":[{"count":0,"href":"https:\/\/noticiasveracruz.com\/index.php\/wp-json\/wp\/v2\/posts\/49641\/revisions"}],"wp:featuredmedia":[{"embeddable":true,"href":"https:\/\/noticiasveracruz.com\/index.php\/wp-json\/wp\/v2\/media\/49642"}],"wp:attachment":[{"href":"https:\/\/noticiasveracruz.com\/index.php\/wp-json\/wp\/v2\/media?parent=49641"}],"wp:term":[{"taxonomy":"category","embeddable":true,"href":"https:\/\/noticiasveracruz.com\/index.php\/wp-json\/wp\/v2\/categories?post=49641"},{"taxonomy":"post_tag","embeddable":true,"href":"https:\/\/noticiasveracruz.com\/index.php\/wp-json\/wp\/v2\/tags?post=49641"}],"curies":[{"name":"wp","href":"https:\/\/api.w.org\/{rel}","templated":true}]}}