{"id":49638,"date":"2025-02-06T00:10:28","date_gmt":"2025-02-06T06:10:28","guid":{"rendered":"https:\/\/noticiasveracruz.com\/?p=49638"},"modified":"2025-02-05T21:40:14","modified_gmt":"2025-02-06T03:40:14","slug":"mexico-y-eu-tendran-dialogo-continuo-sobre-temas-economicos","status":"publish","type":"post","link":"https:\/\/noticiasveracruz.com\/index.php\/2025\/02\/06\/mexico-y-eu-tendran-dialogo-continuo-sobre-temas-economicos\/","title":{"rendered":"M\u00e9xico y EU tendr\u00e1n di\u00e1logo continuo sobre temas econ\u00f3micos"},"content":{"rendered":"<p>Funcionarios de M\u00e9xico y Estados Unidos acordaron el mi\u00e9rcoles un di\u00e1logo continuo y abierto sobre temas econ\u00f3micos como el fortalecimiento de las cadenas de suministro regionales y la trazabilidad de la inversi\u00f3n extranjera, dijo a Reuters un funcionario de alto rango mexicano.<\/p>\n<p>En una reuni\u00f3n en la Casa Blanca, funcionarios de ambos pa\u00edses discutieron el inicio de consultas p\u00fablicas de cara a una revisi\u00f3n Tratado entre M\u00e9xico, Estados Unidos y Canad\u00e1 (T-MEC), dijo el subsecretario de Comercio Exterior, Luis Rosendo Guti\u00e9rrez, quien agreg\u00f3 que la revisi\u00f3n sigue programada para 2026.<\/p>\n<p>\u201cPor ahora todav\u00eda no empezamos a platicar de los aranceles\u201d, se\u00f1al\u00f3 Guti\u00e9rrez.<\/p>\n<p>\u201cFuimos muy bien recibidos y la idea es empezar a trabajar ya en la pr\u00f3xima semana con un intercambio permanente de informaci\u00f3n\u201d, agreg\u00f3.<\/p>\n<p>El presidente Donald Trump ha amenazado tanto a M\u00e9xico como a Canad\u00e1 con aranceles de 25 por ciento, pero el lunes retras\u00f3 un mes el despliegue a cambio de promesas de los dos pa\u00edses para hacer frente a las drogas y la inmigraci\u00f3n. M\u00e9xico acord\u00f3 desplegar 10 mil efectivos de la Guardia Nacional en la frontera.<\/p>\n<p>Guti\u00e9rrez dijo que lleg\u00f3 a Washington el lunes a petici\u00f3n de la presidenta Claudia Sheinbaum para reunirse con funcionarios del gobierno del presidente Donald Trump.<\/p>\n","protected":false},"excerpt":{"rendered":"<p>Funcionarios de M\u00e9xico y Estados Unidos acordaron el mi\u00e9rcoles un di\u00e1logo continuo y abierto sobre temas econ\u00f3micos como el fortalecimiento<\/p>\n","protected":false},"author":4,"featured_media":49639,"comment_status":"closed","ping_status":"closed","sticky":false,"template":"","format":"standard","meta":{"colormag_page_container_layout":"default_layout","colormag_page_sidebar_layout":"default_layout","_jetpack_memberships_contains_paid_content":false,"footnotes":"","jetpack_publicize_message":"","jetpack_publicize_feature_enabled":true,"jetpack_social_post_already_shared":true,"jetpack_social_options":{"image_generator_settings":{"template":"highway","default_image_id":0,"font":"","enabled":false},"version":2}},"categories":[1947],"tags":[],"class_list":["post-49638","post","type-post","status-publish","format-standard","has-post-thumbnail","hentry","category-economia"],"jetpack_publicize_connections":[],"jetpack_featured_media_url":"https:\/\/noticiasveracruz.com\/wp-content\/uploads\/2025\/02\/blog_23ene-bandera_mx-eua.jpg","jetpack_sharing_enabled":true,"publishpress_future_action":{"enabled":false,"date":"2026-05-07 19:03:49","action":"change-status","newStatus":"draft","terms":[],"taxonomy":"category","extraData":[]},"publishpress_future_workflow_manual_trigger":{"enabledWorkflows":[]},"_links":{"self":[{"href":"https:\/\/noticiasveracruz.com\/index.php\/wp-json\/wp\/v2\/posts\/49638","targetHints":{"allow":["GET"]}}],"collection":[{"href":"https:\/\/noticiasveracruz.com\/index.php\/wp-json\/wp\/v2\/posts"}],"about":[{"href":"https:\/\/noticiasveracruz.com\/index.php\/wp-json\/wp\/v2\/types\/post"}],"author":[{"embeddable":true,"href":"https:\/\/noticiasveracruz.com\/index.php\/wp-json\/wp\/v2\/users\/4"}],"replies":[{"embeddable":true,"href":"https:\/\/noticiasveracruz.com\/index.php\/wp-json\/wp\/v2\/comments?post=49638"}],"version-history":[{"count":0,"href":"https:\/\/noticiasveracruz.com\/index.php\/wp-json\/wp\/v2\/posts\/49638\/revisions"}],"wp:featuredmedia":[{"embeddable":true,"href":"https:\/\/noticiasveracruz.com\/index.php\/wp-json\/wp\/v2\/media\/49639"}],"wp:attachment":[{"href":"https:\/\/noticiasveracruz.com\/index.php\/wp-json\/wp\/v2\/media?parent=49638"}],"wp:term":[{"taxonomy":"category","embeddable":true,"href":"https:\/\/noticiasveracruz.com\/index.php\/wp-json\/wp\/v2\/categories?post=49638"},{"taxonomy":"post_tag","embeddable":true,"href":"https:\/\/noticiasveracruz.com\/index.php\/wp-json\/wp\/v2\/tags?post=49638"}],"curies":[{"name":"wp","href":"https:\/\/api.w.org\/{rel}","templated":true}]}}