{"id":49629,"date":"2025-02-06T00:07:29","date_gmt":"2025-02-06T06:07:29","guid":{"rendered":"https:\/\/noticiasveracruz.com\/?p=49629"},"modified":"2025-02-05T21:33:20","modified_gmt":"2025-02-06T03:33:20","slug":"critica-jufed-exclusion-del-pj-de-aniversario-de-la-constitucion","status":"publish","type":"post","link":"https:\/\/noticiasveracruz.com\/index.php\/2025\/02\/06\/critica-jufed-exclusion-del-pj-de-aniversario-de-la-constitucion\/","title":{"rendered":"Critica JUFED \u00abexclusi\u00f3n\u00bb del PJ de Aniversario de la Constituci\u00f3n"},"content":{"rendered":"<p class=\"western\">La exclusi\u00f3n del Poder Judicial en un evento como la conmemoraci\u00f3n de la Constituci\u00f3n, es \u201cde tal trascendencia, sumada a la inconvencional reforma constitucional que ha desmantelado\u201d la independencia del Poder Judicial, lo que \u201cconfirma que el pa\u00eds ha dejado de vivir bajo un r\u00e9gimen republicano, se\u00f1al\u00f3 la Asociaci\u00f3n Nacional de Magistrados de Circuito y Jueces de Distrito (JUFED).<\/p>\n<p class=\"western\">Tras el acto conmemorativo del 108 aniversario de la Constituci\u00f3n, realizado en Quer\u00e9taro, la JUFED se\u00f1al\u00f3 que \u201cla realidad que vive M\u00e9xico es la de dos poderes del Estado, dominado por el mismo partido, que han decidido aliarse para disolver la autonom\u00eda judicial, en contravenci\u00f3n a los principios democr\u00e1ticos y a los est\u00e1ndares internacionales establecidos en convenciones y tratados de los que M\u00e9xico es parte\u201d.<\/p>\n<p class=\"western\">Por ello, se\u00f1al\u00f3 organizaci\u00f3n de jueces y magistrados que \u201ces imperativo que la comunidad internacional comprenda la gravedad de esta situaci\u00f3n. Un Poder Judicial independiente es la garant\u00eda fundamental para la protecci\u00f3n de los derechos humanos y la certidumbre jur\u00eddica de ciudadanos y empresas\u201d.<\/p>\n<p class=\"western\">Reiter\u00f3 que la reciente reforma, \u201cque ha eliminado los contrapesos y sometido la designaci\u00f3n de jueces y magistrados a procesos electorales plagados de irregularidades, genera un clima de incertidumbre que afecta directamente la estabilidad del Tratado comercial entre M\u00e9xico, Estados Unidos y Canad\u00e1 (T-MEC). Sin jueces independientes, la resoluci\u00f3n de controversias comerciales se ve comprometida, desalentando la inversi\u00f3n extranjera y debilitando la seguridad jur\u00eddica para las empresas\u201d.<\/p>\n<p class=\"western\">El sistema de pesos y contrapesos, esencia de toda democracia, ha sido suprimido en M\u00e9xico. La cooptaci\u00f3n del Poder Judicial por parte del partido en el gobierno pone en riesgo las libertades fundamentales y deja sin garant\u00edas a los ciudadanos. La Constituci\u00f3n, lejos de ser el pacto supremo de la Rep\u00fablica, se ha convertido en un instrumento de las mayor\u00edas que buscan debilitarla, se\u00f1al\u00f3 la JUFED.<\/p>\n","protected":false},"excerpt":{"rendered":"<p>La exclusi\u00f3n del Poder Judicial en un evento como la conmemoraci\u00f3n de la Constituci\u00f3n, es \u201cde tal trascendencia, sumada a<\/p>\n","protected":false},"author":4,"featured_media":49630,"comment_status":"closed","ping_status":"closed","sticky":false,"template":"","format":"standard","meta":{"colormag_page_container_layout":"default_layout","colormag_page_sidebar_layout":"default_layout","_jetpack_memberships_contains_paid_content":false,"footnotes":"","jetpack_publicize_message":"","jetpack_publicize_feature_enabled":true,"jetpack_social_post_already_shared":true,"jetpack_social_options":{"image_generator_settings":{"template":"highway","default_image_id":0,"font":"","enabled":false},"version":2}},"categories":[4],"tags":[],"class_list":["post-49629","post","type-post","status-publish","format-standard","has-post-thumbnail","hentry","category-nacional"],"jetpack_publicize_connections":[],"jetpack_featured_media_url":"https:\/\/noticiasveracruz.com\/wp-content\/uploads\/2025\/02\/461784_4x.jpg","jetpack_sharing_enabled":true,"publishpress_future_action":{"enabled":false,"date":"2026-05-07 21:33:10","action":"change-status","newStatus":"draft","terms":[],"taxonomy":"category","extraData":[]},"publishpress_future_workflow_manual_trigger":{"enabledWorkflows":[]},"_links":{"self":[{"href":"https:\/\/noticiasveracruz.com\/index.php\/wp-json\/wp\/v2\/posts\/49629","targetHints":{"allow":["GET"]}}],"collection":[{"href":"https:\/\/noticiasveracruz.com\/index.php\/wp-json\/wp\/v2\/posts"}],"about":[{"href":"https:\/\/noticiasveracruz.com\/index.php\/wp-json\/wp\/v2\/types\/post"}],"author":[{"embeddable":true,"href":"https:\/\/noticiasveracruz.com\/index.php\/wp-json\/wp\/v2\/users\/4"}],"replies":[{"embeddable":true,"href":"https:\/\/noticiasveracruz.com\/index.php\/wp-json\/wp\/v2\/comments?post=49629"}],"version-history":[{"count":0,"href":"https:\/\/noticiasveracruz.com\/index.php\/wp-json\/wp\/v2\/posts\/49629\/revisions"}],"wp:featuredmedia":[{"embeddable":true,"href":"https:\/\/noticiasveracruz.com\/index.php\/wp-json\/wp\/v2\/media\/49630"}],"wp:attachment":[{"href":"https:\/\/noticiasveracruz.com\/index.php\/wp-json\/wp\/v2\/media?parent=49629"}],"wp:term":[{"taxonomy":"category","embeddable":true,"href":"https:\/\/noticiasveracruz.com\/index.php\/wp-json\/wp\/v2\/categories?post=49629"},{"taxonomy":"post_tag","embeddable":true,"href":"https:\/\/noticiasveracruz.com\/index.php\/wp-json\/wp\/v2\/tags?post=49629"}],"curies":[{"name":"wp","href":"https:\/\/api.w.org\/{rel}","templated":true}]}}