{"id":49623,"date":"2025-02-06T00:05:24","date_gmt":"2025-02-06T06:05:24","guid":{"rendered":"https:\/\/noticiasveracruz.com\/?p=49623"},"modified":"2025-02-05T21:28:20","modified_gmt":"2025-02-06T03:28:20","slug":"sheinbaum-contra-releccion-a-cargos-populares-y-nepotismo-enviara-reformas","status":"publish","type":"post","link":"https:\/\/noticiasveracruz.com\/index.php\/2025\/02\/06\/sheinbaum-contra-releccion-a-cargos-populares-y-nepotismo-enviara-reformas\/","title":{"rendered":"Sheinbaum contra relecci\u00f3n a cargos populares y nepotismo; enviar\u00e1 reformas"},"content":{"rendered":"<p>Con la consigna \u201c\u00a1sufragio efectivo, no relecci\u00f3n!\u201d, la presidenta Claudia Sheinbaum Pardo anunci\u00f3 que enviar\u00e1 al Congreso dos reformas constitucionales para poner fin a la relecci\u00f3n de cualquier cargo popular y al nepotismo.<\/p>\n<p>En la ceremonia por el 108 aniversario de la promulgaci\u00f3n de la Constituci\u00f3n, resalt\u00f3 la reforma al Poder Judicial, que permite la elecci\u00f3n de ministros, magistrados y jueces. Menci\u00f3n especial hizo de la asistencia de las ministras Lenia Batres, Loretta Ortiz y Yasmin Esquivel -ubicadas en primera fila-, despu\u00e9s de que no invit\u00f3 a la ceremonia a la presidenta de la Suprema Corte de Justicia de la Naci\u00f3n, Norma Pi\u00f1a.<\/p>\n<p>Hizo recuento hist\u00f3rico y sobre las consecuencias que tuvo la \u201clarga noche neoliberal\u201d, un neoporifismo, \u201ccon un r\u00e9gimen de corrupci\u00f3n y de privilegios\u201d, record\u00f3 que su antecesor, Andr\u00e9s Manuel L\u00f3pez Obrador, hace un a\u00f1o envi\u00f3 al Congreso diversas iniciativas de reformas constitucionales para recuperar y ampliar el sentido social y nacionalista de la Constituci\u00f3n de 1917.<\/p>\n<p>Se\u00f1al\u00f3 que el 2 de junio pasado, el pueblo decidi\u00f3 que siga la transformaci\u00f3n y \u201cque llegue la primera mujer presidenta. Y si lo pensamos profundamente, tambi\u00e9n eligi\u00f3 a un nuevo Constituyente. Quiz\u00e1 unas de las reformas m\u00e1s importantes que se enviaron y que hoy es parte de la Constituci\u00f3n que todos honramos en respetar, es la reforma al Poder Judicial.<\/p>\n<p>Con base en el art\u00edculo 39, \u00abque establece que todo poder p\u00fablico dimana del pueblo, y se instituye para beneficio de \u00e9ste, el pueblo decidi\u00f3 que las y los jueces, magistrados y ministros sean electos por el pueblo. As\u00ed que este primero de junio habr\u00e1 elecci\u00f3n en nuestro pa\u00eds\u201d.<\/p>\n<p>Hoy d\u00eda de la Constituci\u00f3n, anunci\u00f3, no pod\u00eda dejar pasar la fecha y \u201cestoy enviando al Congreso de la Uni\u00f3n dos nuevas reformas constitucionales: la primera, en honor a la Constituci\u00f3n de 1917, la no relecci\u00f3n a ning\u00fan puesto de elecci\u00f3n popular. \u00a1Sufragio efectivo, no relecci\u00f3n!\u201d.<\/p>\n<p>La segunda, \u201cla prohibici\u00f3n expresa de qu\u00e9 ning\u00fan familiar pueda suceder de manera inmediata a otro trat\u00e1ndose de un puesto de elecci\u00f3n popular. Es decir, no al nepotismo\u201d.<\/p>\n<p>Nuestra lucha por la democracia y contra la corrupci\u00f3n, destac\u00f3, son asuntos de principios.<\/p>\n","protected":false},"excerpt":{"rendered":"<p>Con la consigna \u201c\u00a1sufragio efectivo, no relecci\u00f3n!\u201d, la presidenta Claudia Sheinbaum Pardo anunci\u00f3 que enviar\u00e1 al Congreso dos reformas constitucionales<\/p>\n","protected":false},"author":4,"featured_media":49624,"comment_status":"closed","ping_status":"closed","sticky":false,"template":"","format":"standard","meta":{"colormag_page_container_layout":"default_layout","colormag_page_sidebar_layout":"default_layout","_jetpack_memberships_contains_paid_content":false,"footnotes":"","jetpack_publicize_message":"","jetpack_publicize_feature_enabled":true,"jetpack_social_post_already_shared":true,"jetpack_social_options":{"image_generator_settings":{"template":"highway","default_image_id":0,"font":"","enabled":false},"version":2}},"categories":[4],"tags":[],"class_list":["post-49623","post","type-post","status-publish","format-standard","has-post-thumbnail","hentry","category-nacional"],"jetpack_publicize_connections":[],"jetpack_featured_media_url":"https:\/\/noticiasveracruz.com\/wp-content\/uploads\/2025\/02\/AA1yuguq.jpg","jetpack_sharing_enabled":true,"publishpress_future_action":{"enabled":false,"date":"2026-05-07 23:08:16","action":"change-status","newStatus":"draft","terms":[],"taxonomy":"category","extraData":[]},"publishpress_future_workflow_manual_trigger":{"enabledWorkflows":[]},"_links":{"self":[{"href":"https:\/\/noticiasveracruz.com\/index.php\/wp-json\/wp\/v2\/posts\/49623","targetHints":{"allow":["GET"]}}],"collection":[{"href":"https:\/\/noticiasveracruz.com\/index.php\/wp-json\/wp\/v2\/posts"}],"about":[{"href":"https:\/\/noticiasveracruz.com\/index.php\/wp-json\/wp\/v2\/types\/post"}],"author":[{"embeddable":true,"href":"https:\/\/noticiasveracruz.com\/index.php\/wp-json\/wp\/v2\/users\/4"}],"replies":[{"embeddable":true,"href":"https:\/\/noticiasveracruz.com\/index.php\/wp-json\/wp\/v2\/comments?post=49623"}],"version-history":[{"count":0,"href":"https:\/\/noticiasveracruz.com\/index.php\/wp-json\/wp\/v2\/posts\/49623\/revisions"}],"wp:featuredmedia":[{"embeddable":true,"href":"https:\/\/noticiasveracruz.com\/index.php\/wp-json\/wp\/v2\/media\/49624"}],"wp:attachment":[{"href":"https:\/\/noticiasveracruz.com\/index.php\/wp-json\/wp\/v2\/media?parent=49623"}],"wp:term":[{"taxonomy":"category","embeddable":true,"href":"https:\/\/noticiasveracruz.com\/index.php\/wp-json\/wp\/v2\/categories?post=49623"},{"taxonomy":"post_tag","embeddable":true,"href":"https:\/\/noticiasveracruz.com\/index.php\/wp-json\/wp\/v2\/tags?post=49623"}],"curies":[{"name":"wp","href":"https:\/\/api.w.org\/{rel}","templated":true}]}}