{"id":49619,"date":"2025-02-06T00:04:43","date_gmt":"2025-02-06T06:04:43","guid":{"rendered":"https:\/\/noticiasveracruz.com\/?p=49619"},"modified":"2025-02-05T21:12:21","modified_gmt":"2025-02-06T03:12:21","slug":"protestan-empleados-del-pjf","status":"publish","type":"post","link":"https:\/\/noticiasveracruz.com\/index.php\/2025\/02\/06\/protestan-empleados-del-pjf\/","title":{"rendered":"Protestan empleados del PJF"},"content":{"rendered":"<p>Empleados del Poder Judicial de la Federaci\u00f3n (PJF) protestaron en la ciudad de Xalapa este mi\u00e9rcoles 5 de febrero, en defensa de sus derechos laborales y constitucionales.<\/p>\n<p>En el marco del 108 aniversario de la Promulgaci\u00f3n de la Constituci\u00f3n Pol\u00edtica de M\u00e9xico de 1917, los quejosos alzaron la voz nuevamente afuera de la sede del PJF, ubicada sobre la avenida Arco Sur.<\/p>\n<p>De acuerdo con la trabajadora Monserrat de Alba, las reformas al Poder Judicial de la Federaci\u00f3n afectaron tanto al personal como a los ciudadanos que buscan la impartici\u00f3n de justicia.<\/p>\n<p>Las protestas se replicaron, tanto en las diversas sedes de la capital veracruzana como en el pa\u00eds. En la ciudad de Xalapa, respaldaron a sus compa\u00f1eros que defienden sus derechos laborales.<\/p>\n<p>\u201cNos reunimos aqu\u00ed, porque este d\u00eda no debe ser olvidado y debe quedar por siempre en la memoria de quienes nos reconocemos como guardianes de la Constituci\u00f3n y porque mientras siga habiendo personas que creamos en los principios que realmente significan la Constituci\u00f3n, la seguiremos protegiendo y el Poder Judicial volver\u00e1 a levantarse\u201d, expres\u00f3 Monserrat.<\/p>\n<p>Dijeron estar en contra de la reforma al PJF al se\u00f1alar que esto s\u00f3lo ha generado afectaciones a la instituci\u00f3n, pues los trabajadores carecen de materiales e insumos en las oficinas.<\/p>\n<p>\u201cPorque adem\u00e1s de destruir nuestra autonom\u00eda se nos ha presionado en lo econ\u00f3mico\u201d.<\/p>\n<p>Al mediod\u00eda de este mi\u00e9rcoles 5 de febrero, los trabajadores del PJF de Xalapa se sumaron a las protestas de sus compa\u00f1eros del Instituto Federal de la Defensor\u00eda P\u00fablica.<\/p>\n<p>\u201cEl d\u00eda de hoy defienden sus derechos al exterior del Senado de la Rep\u00fablica, pues se les ha desconocido como base trabajadora del Poder Judicial Federal, al no inclu\u00edrseles en el art\u00edculo d\u00e9cimo transitorio constitucional\u201d, enfatizaron.<\/p>\n","protected":false},"excerpt":{"rendered":"<p>Empleados del Poder Judicial de la Federaci\u00f3n (PJF) protestaron en la ciudad de Xalapa este mi\u00e9rcoles 5 de febrero, en<\/p>\n","protected":false},"author":4,"featured_media":49620,"comment_status":"closed","ping_status":"closed","sticky":false,"template":"","format":"standard","meta":{"colormag_page_container_layout":"default_layout","colormag_page_sidebar_layout":"default_layout","_jetpack_memberships_contains_paid_content":false,"footnotes":"","jetpack_publicize_message":"","jetpack_publicize_feature_enabled":true,"jetpack_social_post_already_shared":true,"jetpack_social_options":{"image_generator_settings":{"template":"highway","default_image_id":0,"font":"","enabled":false},"version":2}},"categories":[356],"tags":[],"class_list":["post-49619","post","type-post","status-publish","format-standard","has-post-thumbnail","hentry","category-veracruz"],"jetpack_publicize_connections":[],"jetpack_featured_media_url":"https:\/\/noticiasveracruz.com\/wp-content\/uploads\/2025\/02\/10b-1.jpg","jetpack_sharing_enabled":true,"publishpress_future_action":{"enabled":false,"date":"2026-05-07 23:50:30","action":"change-status","newStatus":"draft","terms":[],"taxonomy":"category","extraData":[]},"publishpress_future_workflow_manual_trigger":{"enabledWorkflows":[]},"_links":{"self":[{"href":"https:\/\/noticiasveracruz.com\/index.php\/wp-json\/wp\/v2\/posts\/49619","targetHints":{"allow":["GET"]}}],"collection":[{"href":"https:\/\/noticiasveracruz.com\/index.php\/wp-json\/wp\/v2\/posts"}],"about":[{"href":"https:\/\/noticiasveracruz.com\/index.php\/wp-json\/wp\/v2\/types\/post"}],"author":[{"embeddable":true,"href":"https:\/\/noticiasveracruz.com\/index.php\/wp-json\/wp\/v2\/users\/4"}],"replies":[{"embeddable":true,"href":"https:\/\/noticiasveracruz.com\/index.php\/wp-json\/wp\/v2\/comments?post=49619"}],"version-history":[{"count":0,"href":"https:\/\/noticiasveracruz.com\/index.php\/wp-json\/wp\/v2\/posts\/49619\/revisions"}],"wp:featuredmedia":[{"embeddable":true,"href":"https:\/\/noticiasveracruz.com\/index.php\/wp-json\/wp\/v2\/media\/49620"}],"wp:attachment":[{"href":"https:\/\/noticiasveracruz.com\/index.php\/wp-json\/wp\/v2\/media?parent=49619"}],"wp:term":[{"taxonomy":"category","embeddable":true,"href":"https:\/\/noticiasveracruz.com\/index.php\/wp-json\/wp\/v2\/categories?post=49619"},{"taxonomy":"post_tag","embeddable":true,"href":"https:\/\/noticiasveracruz.com\/index.php\/wp-json\/wp\/v2\/tags?post=49619"}],"curies":[{"name":"wp","href":"https:\/\/api.w.org\/{rel}","templated":true}]}}