{"id":49613,"date":"2025-02-06T00:02:59","date_gmt":"2025-02-06T06:02:59","guid":{"rendered":"https:\/\/noticiasveracruz.com\/?p=49613"},"modified":"2025-02-05T21:09:44","modified_gmt":"2025-02-06T03:09:44","slug":"caravanas-de-sedarpa-promoveran-el-comercio","status":"publish","type":"post","link":"https:\/\/noticiasveracruz.com\/index.php\/2025\/02\/06\/caravanas-de-sedarpa-promoveran-el-comercio\/","title":{"rendered":"Caravanas de Sedarpa promover\u00e1n el comercio"},"content":{"rendered":"<p>Mediante las Caravanas de fomento a la comercializaci\u00f3n de productos agropecuarios, el Gobierno del Estado promueve la venta directa y sin intermediarios de insumos del campo con valor agregado, con el objetivo de asegurar mayores ingresos para m\u00e1s de 600 productores.<\/p>\n<p>Se trata de una estrategia profesional de vinculaci\u00f3n comercial de la Secretar\u00eda de Desarrollo Agropecuario, Rural y Pesca (Sedarpa), orientada a posicionar los productos veracruzanos en mercados locales y nacionales, generando oportunidades para que adquieran mayor visibilidad y competitividad.<\/p>\n<p>Las caravanas acercar\u00e1n lo mejor del campo a dependencias gubernamentales y municipios, con participaci\u00f3n en festivales, ferias, foros y eventos coordinados por la Direcci\u00f3n General de Agronegocios.<\/p>\n<p>De esta manera, la dependencia generar\u00e1 condiciones de comercio justas y entornos econ\u00f3micos favorables para las y los productores, fomentando el comercio formal en el sector primario.<\/p>\n","protected":false},"excerpt":{"rendered":"<p>Mediante las Caravanas de fomento a la comercializaci\u00f3n de productos agropecuarios, el Gobierno del Estado promueve la venta directa y<\/p>\n","protected":false},"author":4,"featured_media":49614,"comment_status":"closed","ping_status":"closed","sticky":false,"template":"","format":"standard","meta":{"colormag_page_container_layout":"default_layout","colormag_page_sidebar_layout":"default_layout","_jetpack_memberships_contains_paid_content":false,"footnotes":"","jetpack_publicize_message":"","jetpack_publicize_feature_enabled":true,"jetpack_social_post_already_shared":true,"jetpack_social_options":{"image_generator_settings":{"template":"highway","default_image_id":0,"font":"","enabled":false},"version":2}},"categories":[356],"tags":[],"class_list":["post-49613","post","type-post","status-publish","format-standard","has-post-thumbnail","hentry","category-veracruz"],"jetpack_publicize_connections":[],"jetpack_featured_media_url":"https:\/\/noticiasveracruz.com\/wp-content\/uploads\/2025\/02\/9b-3.jpg","jetpack_sharing_enabled":true,"publishpress_future_action":{"enabled":false,"date":"2026-05-08 01:23:47","action":"change-status","newStatus":"draft","terms":[],"taxonomy":"category","extraData":[]},"publishpress_future_workflow_manual_trigger":{"enabledWorkflows":[]},"_links":{"self":[{"href":"https:\/\/noticiasveracruz.com\/index.php\/wp-json\/wp\/v2\/posts\/49613","targetHints":{"allow":["GET"]}}],"collection":[{"href":"https:\/\/noticiasveracruz.com\/index.php\/wp-json\/wp\/v2\/posts"}],"about":[{"href":"https:\/\/noticiasveracruz.com\/index.php\/wp-json\/wp\/v2\/types\/post"}],"author":[{"embeddable":true,"href":"https:\/\/noticiasveracruz.com\/index.php\/wp-json\/wp\/v2\/users\/4"}],"replies":[{"embeddable":true,"href":"https:\/\/noticiasveracruz.com\/index.php\/wp-json\/wp\/v2\/comments?post=49613"}],"version-history":[{"count":0,"href":"https:\/\/noticiasveracruz.com\/index.php\/wp-json\/wp\/v2\/posts\/49613\/revisions"}],"wp:featuredmedia":[{"embeddable":true,"href":"https:\/\/noticiasveracruz.com\/index.php\/wp-json\/wp\/v2\/media\/49614"}],"wp:attachment":[{"href":"https:\/\/noticiasveracruz.com\/index.php\/wp-json\/wp\/v2\/media?parent=49613"}],"wp:term":[{"taxonomy":"category","embeddable":true,"href":"https:\/\/noticiasveracruz.com\/index.php\/wp-json\/wp\/v2\/categories?post=49613"},{"taxonomy":"post_tag","embeddable":true,"href":"https:\/\/noticiasveracruz.com\/index.php\/wp-json\/wp\/v2\/tags?post=49613"}],"curies":[{"name":"wp","href":"https:\/\/api.w.org\/{rel}","templated":true}]}}