{"id":49610,"date":"2025-02-06T00:01:59","date_gmt":"2025-02-06T06:01:59","guid":{"rendered":"https:\/\/noticiasveracruz.com\/?p=49610"},"modified":"2025-02-05T21:08:45","modified_gmt":"2025-02-06T03:08:45","slug":"aplaude-rn-iniciativas-contra-el-nepotismo","status":"publish","type":"post","link":"https:\/\/noticiasveracruz.com\/index.php\/2025\/02\/06\/aplaude-rn-iniciativas-contra-el-nepotismo\/","title":{"rendered":"Aplaude RN iniciativas contra el nepotismo"},"content":{"rendered":"<p>La gobernadora de Veracruz, Roc\u00edo Nahle Garc\u00eda, expres\u00f3 su total respaldo a las iniciativas presentadas por la presidenta de M\u00e9xico, Claudia Sheinbaum Pardo, orientadas a fortalecer la vida democr\u00e1tica del pa\u00eds, al establecer medidas firmes para evitar el nepotismo y limitar la reelecci\u00f3n en los cargos de elecci\u00f3n popular.<\/p>\n<p>\u00abNuestro movimiento se fund\u00f3 para la transformaci\u00f3n de la vida p\u00fablica y social de los mexicanos, por encima de cualquier aspiraci\u00f3n personal, por muy leg\u00edtima que sea\u00bb.<\/p>\n<p>Estas iniciativas reflejan la esencia de la Cuarta Transformaci\u00f3n: poner el inter\u00e9s del pueblo por delante y garantizar un ejercicio del poder honesto, transparente y al servicio de la ciudadan\u00eda.<\/p>\n<p>Nahle Garc\u00eda destac\u00f3 que estas propuestas reafirman el compromiso del gobierno federal y de los estados con la democracia, la \u00e9tica en el servicio p\u00fablico y la consolidaci\u00f3n de un pa\u00eds m\u00e1s justo e igualitario.<\/p>\n<p>\u00abVivimos tiempos de cambio verdadero\u00bb, puntualiz\u00f3. Con estas reformas, M\u00e9xico avanza hacia un modelo pol\u00edtico m\u00e1s s\u00f3lido, donde la vocaci\u00f3n de servicio prevalece sobre intereses particulares, asegurando que el poder se ejerza con responsabilidad, integridad y en beneficio de todas y todos.<\/p>\n","protected":false},"excerpt":{"rendered":"<p>La gobernadora de Veracruz, Roc\u00edo Nahle Garc\u00eda, expres\u00f3 su total respaldo a las iniciativas presentadas por la presidenta de M\u00e9xico,<\/p>\n","protected":false},"author":4,"featured_media":49611,"comment_status":"closed","ping_status":"closed","sticky":false,"template":"","format":"standard","meta":{"colormag_page_container_layout":"default_layout","colormag_page_sidebar_layout":"default_layout","_jetpack_memberships_contains_paid_content":false,"footnotes":"","jetpack_publicize_message":"","jetpack_publicize_feature_enabled":true,"jetpack_social_post_already_shared":true,"jetpack_social_options":{"image_generator_settings":{"template":"highway","default_image_id":0,"font":"","enabled":false},"version":2}},"categories":[356],"tags":[],"class_list":["post-49610","post","type-post","status-publish","format-standard","has-post-thumbnail","hentry","category-veracruz"],"jetpack_publicize_connections":[],"jetpack_featured_media_url":"https:\/\/noticiasveracruz.com\/wp-content\/uploads\/2025\/02\/9c-3.jpg","jetpack_sharing_enabled":true,"publishpress_future_action":{"enabled":false,"date":"2026-05-08 02:37:56","action":"change-status","newStatus":"draft","terms":[],"taxonomy":"category","extraData":[]},"publishpress_future_workflow_manual_trigger":{"enabledWorkflows":[]},"_links":{"self":[{"href":"https:\/\/noticiasveracruz.com\/index.php\/wp-json\/wp\/v2\/posts\/49610","targetHints":{"allow":["GET"]}}],"collection":[{"href":"https:\/\/noticiasveracruz.com\/index.php\/wp-json\/wp\/v2\/posts"}],"about":[{"href":"https:\/\/noticiasveracruz.com\/index.php\/wp-json\/wp\/v2\/types\/post"}],"author":[{"embeddable":true,"href":"https:\/\/noticiasveracruz.com\/index.php\/wp-json\/wp\/v2\/users\/4"}],"replies":[{"embeddable":true,"href":"https:\/\/noticiasveracruz.com\/index.php\/wp-json\/wp\/v2\/comments?post=49610"}],"version-history":[{"count":0,"href":"https:\/\/noticiasveracruz.com\/index.php\/wp-json\/wp\/v2\/posts\/49610\/revisions"}],"wp:featuredmedia":[{"embeddable":true,"href":"https:\/\/noticiasveracruz.com\/index.php\/wp-json\/wp\/v2\/media\/49611"}],"wp:attachment":[{"href":"https:\/\/noticiasveracruz.com\/index.php\/wp-json\/wp\/v2\/media?parent=49610"}],"wp:term":[{"taxonomy":"category","embeddable":true,"href":"https:\/\/noticiasveracruz.com\/index.php\/wp-json\/wp\/v2\/categories?post=49610"},{"taxonomy":"post_tag","embeddable":true,"href":"https:\/\/noticiasveracruz.com\/index.php\/wp-json\/wp\/v2\/tags?post=49610"}],"curies":[{"name":"wp","href":"https:\/\/api.w.org\/{rel}","templated":true}]}}