{"id":49603,"date":"2025-02-05T20:57:54","date_gmt":"2025-02-06T02:57:54","guid":{"rendered":"https:\/\/noticiasveracruz.com\/?p=49603"},"modified":"2025-02-05T20:57:54","modified_gmt":"2025-02-06T02:57:54","slug":"alcalde-de-tuxpan-se-reunio-con-17-agentes-y-subagentes-municipales-para-establecer-acuerdos-de-trabajo-para-este-2025","status":"publish","type":"post","link":"https:\/\/noticiasveracruz.com\/index.php\/2025\/02\/05\/alcalde-de-tuxpan-se-reunio-con-17-agentes-y-subagentes-municipales-para-establecer-acuerdos-de-trabajo-para-este-2025\/","title":{"rendered":"Alcalde de Tuxpan se reuni\u00f3 con 17 agentes y subagentes municipales para establecer acuerdos de trabajo para este 2025"},"content":{"rendered":"<p>Tuxpan, Ver., 05 de febrero de 2025.- El alcalde Dr. Jes\u00fas Fomperoza Torres acudi\u00f3 a la comunidad Chiconcoa para reunirse con 17 agentes y subagentes municipales de las rutas Poza Rica y San Jos\u00e9 el Grande.<\/p>\n<p><img loading=\"lazy\" decoding=\"async\" class=\"alignnone size-medium wp-image-49608\" src=\"http:\/\/noticiasveracruz.com\/wp-content\/uploads\/2025\/02\/WhatsApp-Image-2025-02-05-at-13.36.20-300x281.jpeg\" alt=\"\" width=\"300\" height=\"281\" srcset=\"https:\/\/noticiasveracruz.com\/wp-content\/uploads\/2025\/02\/WhatsApp-Image-2025-02-05-at-13.36.20-300x281.jpeg 300w, https:\/\/noticiasveracruz.com\/wp-content\/uploads\/2025\/02\/WhatsApp-Image-2025-02-05-at-13.36.20-1024x959.jpeg 1024w, https:\/\/noticiasveracruz.com\/wp-content\/uploads\/2025\/02\/WhatsApp-Image-2025-02-05-at-13.36.20-768x719.jpeg 768w, https:\/\/noticiasveracruz.com\/wp-content\/uploads\/2025\/02\/WhatsApp-Image-2025-02-05-at-13.36.20.jpeg 1456w\" sizes=\"auto, (max-width: 300px) 100vw, 300px\" \/><\/p>\n<p>Estuvo acompa\u00f1ado por el director de Obras P\u00fablicas, Ing. Pedro de Jes\u00fas Espinoza; el director de Desarrollo Social, Lic. Jes\u00fas Carballo Serrano, y el director de Fomento Agropecuario, Edmundo Crist\u00f3bal Cruz.<\/p>\n<p><img loading=\"lazy\" decoding=\"async\" class=\"alignnone size-medium wp-image-49607\" src=\"http:\/\/noticiasveracruz.com\/wp-content\/uploads\/2025\/02\/WhatsApp-Image-2025-02-05-at-13.36.20-3-300x256.jpeg\" alt=\"\" width=\"300\" height=\"256\" srcset=\"https:\/\/noticiasveracruz.com\/wp-content\/uploads\/2025\/02\/WhatsApp-Image-2025-02-05-at-13.36.20-3-300x256.jpeg 300w, https:\/\/noticiasveracruz.com\/wp-content\/uploads\/2025\/02\/WhatsApp-Image-2025-02-05-at-13.36.20-3-1024x872.jpeg 1024w, https:\/\/noticiasveracruz.com\/wp-content\/uploads\/2025\/02\/WhatsApp-Image-2025-02-05-at-13.36.20-3-768x654.jpeg 768w, https:\/\/noticiasveracruz.com\/wp-content\/uploads\/2025\/02\/WhatsApp-Image-2025-02-05-at-13.36.20-3-1536x1308.jpeg 1536w, https:\/\/noticiasveracruz.com\/wp-content\/uploads\/2025\/02\/WhatsApp-Image-2025-02-05-at-13.36.20-3.jpeg 1600w\" sizes=\"auto, (max-width: 300px) 100vw, 300px\" \/><\/p>\n<p>El mandatario escuch\u00f3 de viva voz las necesidades y solicitudes m\u00e1s apremiantes de las comunidades que integran las rutas mencionadas.<\/p>\n<p><img loading=\"lazy\" decoding=\"async\" class=\"alignnone size-medium wp-image-49606\" src=\"http:\/\/noticiasveracruz.com\/wp-content\/uploads\/2025\/02\/WhatsApp-Image-2025-02-05-at-13.36.20-2-300x200.jpeg\" alt=\"\" width=\"300\" height=\"200\" srcset=\"https:\/\/noticiasveracruz.com\/wp-content\/uploads\/2025\/02\/WhatsApp-Image-2025-02-05-at-13.36.20-2-300x200.jpeg 300w, https:\/\/noticiasveracruz.com\/wp-content\/uploads\/2025\/02\/WhatsApp-Image-2025-02-05-at-13.36.20-2-1024x681.jpeg 1024w, https:\/\/noticiasveracruz.com\/wp-content\/uploads\/2025\/02\/WhatsApp-Image-2025-02-05-at-13.36.20-2-768x511.jpeg 768w, https:\/\/noticiasveracruz.com\/wp-content\/uploads\/2025\/02\/WhatsApp-Image-2025-02-05-at-13.36.20-2-1536x1021.jpeg 1536w, https:\/\/noticiasveracruz.com\/wp-content\/uploads\/2025\/02\/WhatsApp-Image-2025-02-05-at-13.36.20-2.jpeg 1600w\" sizes=\"auto, (max-width: 300px) 100vw, 300px\" \/><\/p>\n<p>Se establecieron acuerdos de trabajo para ir avanzando en el mejoramiento de calles, caminos, instalaciones de agua potable, espacios comunitarios y otros m\u00e1s.<\/p>\n<p><img loading=\"lazy\" decoding=\"async\" class=\"alignnone size-medium wp-image-49604\" src=\"http:\/\/noticiasveracruz.com\/wp-content\/uploads\/2025\/02\/WhatsApp-Image-2025-02-05-at-13.36.19-300x200.jpeg\" alt=\"\" width=\"300\" height=\"200\" srcset=\"https:\/\/noticiasveracruz.com\/wp-content\/uploads\/2025\/02\/WhatsApp-Image-2025-02-05-at-13.36.19-300x200.jpeg 300w, https:\/\/noticiasveracruz.com\/wp-content\/uploads\/2025\/02\/WhatsApp-Image-2025-02-05-at-13.36.19-1024x681.jpeg 1024w, https:\/\/noticiasveracruz.com\/wp-content\/uploads\/2025\/02\/WhatsApp-Image-2025-02-05-at-13.36.19-768x511.jpeg 768w, https:\/\/noticiasveracruz.com\/wp-content\/uploads\/2025\/02\/WhatsApp-Image-2025-02-05-at-13.36.19-1536x1021.jpeg 1536w, https:\/\/noticiasveracruz.com\/wp-content\/uploads\/2025\/02\/WhatsApp-Image-2025-02-05-at-13.36.19.jpeg 1600w\" sizes=\"auto, (max-width: 300px) 100vw, 300px\" \/><\/p>\n<p>Al respecto, el alcalde se comprometi\u00f3 a llevar a cabo una reuni\u00f3n con cada una de las rutas para trazar programas de trabajo para este 2025.<\/p>\n<p>Al t\u00e9rmino de este di\u00e1logo, el alcalde y habitantes recorrieron un amplio sector de la comunidad para identificar temas en los que se pueden trabajar para mejorar la calidad de vida de las familias que ah\u00ed residen.<\/p>\n<p>A este encuentro tambi\u00e9n asisti\u00f3 el jefe del Distrito 2 de la Secretar\u00eda de Agricultura, Ing. Manuel S\u00e1nchez Jacinto, quien dio a conocer toda la informaci\u00f3n referente a los programas sociales del Bienestar para este 2025.<\/p>\n","protected":false},"excerpt":{"rendered":"<p>Tuxpan, Ver., 05 de febrero de 2025.- El alcalde Dr. Jes\u00fas Fomperoza Torres acudi\u00f3 a la comunidad Chiconcoa para reunirse<\/p>\n","protected":false},"author":4,"featured_media":49605,"comment_status":"closed","ping_status":"closed","sticky":false,"template":"","format":"standard","meta":{"colormag_page_container_layout":"default_layout","colormag_page_sidebar_layout":"default_layout","_jetpack_memberships_contains_paid_content":false,"footnotes":"","jetpack_publicize_message":"","jetpack_publicize_feature_enabled":true,"jetpack_social_post_already_shared":true,"jetpack_social_options":{"image_generator_settings":{"template":"highway","default_image_id":0,"font":"","enabled":false},"version":2}},"categories":[3372,356],"tags":[],"class_list":["post-49603","post","type-post","status-publish","format-standard","has-post-thumbnail","hentry","category-gobierno-tuxpan","category-veracruz"],"jetpack_publicize_connections":[],"jetpack_featured_media_url":"https:\/\/noticiasveracruz.com\/wp-content\/uploads\/2025\/02\/WhatsApp-Image-2025-02-05-at-13.36.20-1.jpeg","jetpack_sharing_enabled":true,"publishpress_future_action":{"enabled":false,"date":"2026-05-10 02:30:55","action":"change-status","newStatus":"draft","terms":[],"taxonomy":"category","extraData":[]},"publishpress_future_workflow_manual_trigger":{"enabledWorkflows":[]},"_links":{"self":[{"href":"https:\/\/noticiasveracruz.com\/index.php\/wp-json\/wp\/v2\/posts\/49603","targetHints":{"allow":["GET"]}}],"collection":[{"href":"https:\/\/noticiasveracruz.com\/index.php\/wp-json\/wp\/v2\/posts"}],"about":[{"href":"https:\/\/noticiasveracruz.com\/index.php\/wp-json\/wp\/v2\/types\/post"}],"author":[{"embeddable":true,"href":"https:\/\/noticiasveracruz.com\/index.php\/wp-json\/wp\/v2\/users\/4"}],"replies":[{"embeddable":true,"href":"https:\/\/noticiasveracruz.com\/index.php\/wp-json\/wp\/v2\/comments?post=49603"}],"version-history":[{"count":0,"href":"https:\/\/noticiasveracruz.com\/index.php\/wp-json\/wp\/v2\/posts\/49603\/revisions"}],"wp:featuredmedia":[{"embeddable":true,"href":"https:\/\/noticiasveracruz.com\/index.php\/wp-json\/wp\/v2\/media\/49605"}],"wp:attachment":[{"href":"https:\/\/noticiasveracruz.com\/index.php\/wp-json\/wp\/v2\/media?parent=49603"}],"wp:term":[{"taxonomy":"category","embeddable":true,"href":"https:\/\/noticiasveracruz.com\/index.php\/wp-json\/wp\/v2\/categories?post=49603"},{"taxonomy":"post_tag","embeddable":true,"href":"https:\/\/noticiasveracruz.com\/index.php\/wp-json\/wp\/v2\/tags?post=49603"}],"curies":[{"name":"wp","href":"https:\/\/api.w.org\/{rel}","templated":true}]}}