{"id":49594,"date":"2025-02-05T00:08:55","date_gmt":"2025-02-05T06:08:55","guid":{"rendered":"https:\/\/noticiasveracruz.com\/?p=49594"},"modified":"2025-02-05T00:08:55","modified_gmt":"2025-02-05T06:08:55","slug":"se-rebelan-morenistas-en-tuxpan","status":"publish","type":"post","link":"https:\/\/noticiasveracruz.com\/index.php\/2025\/02\/05\/se-rebelan-morenistas-en-tuxpan\/","title":{"rendered":"\u00a1Se rebelan morenistas en Tuxpan!"},"content":{"rendered":"<p style=\"font-weight: 400;\"><strong>Una candidatura, a la altura de los grandes proyectos claman<\/strong><\/p>\n<p style=\"font-weight: 400;\"><strong>No quieren m\u00e1s improvisados en su candidatura<\/strong><\/p>\n<p style=\"font-weight: 400;\"><strong>El desarrollo de Tuxpan no se puede tomar como una concesi\u00f3n pol\u00edtica<\/strong><\/p>\n<p style=\"font-weight: 400;\"><strong>Por Miguel \u00c1ngel Cristiani G.<\/strong><\/p>\n<p style=\"font-weight: 400;\">En la tierra de Jes\u00fas Reyes Heroles y el \u00bb Tlacuache\u00bb Garizurieta, se clama porque no llegue a la candidatura de Morena a la presidencia municipal un candidato improvisado, sin la experiencia y conocimiento necesarios para dirigir un municipio como Tuxpan en el que Claudia Sheinbaum y Roc\u00edo Nahle tienen grandes proyectos de inversi\u00f3n en los renglones ferroviario, industrial y portuario.<\/p>\n<p style=\"font-weight: 400;\">No se trata de que llegue el precandidato m\u00e1s guapo, con m\u00e1s palancas o el mejor recomendado en los c\u00edrculos del poder, porque el desarrollo de Tuxpan no se puede tomar como una concesi\u00f3n pol\u00edtica, pago de favores o recompensa por servicios. La elecci\u00f3n de la candidatura morenista en Tuxpan debe verse con mucho sentido de responsabilidad<\/p>\n<p style=\"font-weight: 400;\">El desarrollo de Tuxpan es un tema de trascendencia nacional; no es para que cualquier oportunista o servil pol\u00edtico, robe a los tuxpe\u00f1os su esperanza<\/p>\n<p style=\"font-weight: 400;\">Los tuxpe\u00f1os con los que he podido hablar anhelan que llegue a la candidatura de Morena un perfil solvente moralmente, con preparaci\u00f3n y conocimiento de lo que la gobernanza municipal implicar\u00e1 para impulsar los grandes temas de desarrollo de Tuxpan que el segundo piso de la 4 T implica<\/p>\n<p style=\"font-weight: 400;\">En esa direcci\u00f3n la precandidatura de Betty Pi\u00f1a por MORENA cobra mayor sentido. La pregunta es si la dejar\u00e1n llegar, o le cortar\u00e1n las alas a una mujer que va fuerte, muy fuerte en las encuestas\u00a0en\u00a0Tuxpan.<\/p>\n<p style=\"font-weight: 400;\">Para m\u00e1s informaci\u00f3n consulta nuestra p\u00e1gina\u00a0<a href=\"https:\/\/www.xn--bitacoraspolticas-ovb.com\/\" data-saferedirecturl=\"https:\/\/www.google.com\/url?q=https:\/\/www.xn--bitacoraspolticas-ovb.com\/&amp;source=gmail&amp;ust=1738817683870000&amp;usg=AOvVaw1pFLC-ZfmWh_cl4SfO6m2h\">https:\/\/www.xn--bitacoraspolticas-ovb.com\/<\/a><\/p>\n<p><img loading=\"lazy\" decoding=\"async\" class=\"alignnone wp-image-49433 size-full\" src=\"http:\/\/noticiasveracruz.com\/wp-content\/uploads\/2025\/02\/FIRMA-EDITORIAL-PD.jpg\" alt=\"\" width=\"1024\" height=\"125\" srcset=\"https:\/\/noticiasveracruz.com\/wp-content\/uploads\/2025\/02\/FIRMA-EDITORIAL-PD.jpg 1024w, https:\/\/noticiasveracruz.com\/wp-content\/uploads\/2025\/02\/FIRMA-EDITORIAL-PD-300x37.jpg 300w, https:\/\/noticiasveracruz.com\/wp-content\/uploads\/2025\/02\/FIRMA-EDITORIAL-PD-768x94.jpg 768w\" sizes=\"auto, (max-width: 1024px) 100vw, 1024px\" \/><\/p>\n","protected":false},"excerpt":{"rendered":"<p>Una candidatura, a la altura de los grandes proyectos claman No quieren m\u00e1s improvisados en su candidatura El desarrollo de<\/p>\n","protected":false},"author":4,"featured_media":29037,"comment_status":"closed","ping_status":"closed","sticky":false,"template":"","format":"standard","meta":{"colormag_page_container_layout":"default_layout","colormag_page_sidebar_layout":"default_layout","_jetpack_memberships_contains_paid_content":false,"footnotes":"","jetpack_publicize_message":"","jetpack_publicize_feature_enabled":true,"jetpack_social_post_already_shared":true,"jetpack_social_options":{"image_generator_settings":{"template":"highway","default_image_id":0,"font":"","enabled":false},"version":2}},"categories":[6],"tags":[],"class_list":["post-49594","post","type-post","status-publish","format-standard","has-post-thumbnail","hentry","category-columnistas"],"jetpack_publicize_connections":[],"jetpack_featured_media_url":"https:\/\/noticiasveracruz.com\/wp-content\/uploads\/2024\/04\/BANNER-cristiani-NV.jpg","jetpack_sharing_enabled":true,"publishpress_future_action":{"enabled":false,"date":"2026-05-08 18:33:22","action":"change-status","newStatus":"draft","terms":[],"taxonomy":"category","extraData":[]},"publishpress_future_workflow_manual_trigger":{"enabledWorkflows":[]},"_links":{"self":[{"href":"https:\/\/noticiasveracruz.com\/index.php\/wp-json\/wp\/v2\/posts\/49594","targetHints":{"allow":["GET"]}}],"collection":[{"href":"https:\/\/noticiasveracruz.com\/index.php\/wp-json\/wp\/v2\/posts"}],"about":[{"href":"https:\/\/noticiasveracruz.com\/index.php\/wp-json\/wp\/v2\/types\/post"}],"author":[{"embeddable":true,"href":"https:\/\/noticiasveracruz.com\/index.php\/wp-json\/wp\/v2\/users\/4"}],"replies":[{"embeddable":true,"href":"https:\/\/noticiasveracruz.com\/index.php\/wp-json\/wp\/v2\/comments?post=49594"}],"version-history":[{"count":0,"href":"https:\/\/noticiasveracruz.com\/index.php\/wp-json\/wp\/v2\/posts\/49594\/revisions"}],"wp:featuredmedia":[{"embeddable":true,"href":"https:\/\/noticiasveracruz.com\/index.php\/wp-json\/wp\/v2\/media\/29037"}],"wp:attachment":[{"href":"https:\/\/noticiasveracruz.com\/index.php\/wp-json\/wp\/v2\/media?parent=49594"}],"wp:term":[{"taxonomy":"category","embeddable":true,"href":"https:\/\/noticiasveracruz.com\/index.php\/wp-json\/wp\/v2\/categories?post=49594"},{"taxonomy":"post_tag","embeddable":true,"href":"https:\/\/noticiasveracruz.com\/index.php\/wp-json\/wp\/v2\/tags?post=49594"}],"curies":[{"name":"wp","href":"https:\/\/api.w.org\/{rel}","templated":true}]}}