{"id":49588,"date":"2025-02-05T00:19:30","date_gmt":"2025-02-05T06:19:30","guid":{"rendered":"https:\/\/noticiasveracruz.com\/?p=49588"},"modified":"2025-02-05T00:31:15","modified_gmt":"2025-02-05T06:31:15","slug":"49588","status":"publish","type":"post","link":"https:\/\/noticiasveracruz.com\/index.php\/2025\/02\/05\/49588\/","title":{"rendered":"Decreta Trump retiro de EU del Consejo de Derechos Humanos de la ONU"},"content":{"rendered":"<p>El presidente de Estados Unidos, Donald Trump, firm\u00f3 este martes un decreto por el que saca a su pa\u00eds de varias agencias de la ONU y pide revisar la financiaci\u00f3n estadunidense a la organizaci\u00f3n multilateral.<\/p>\n<p>En concreto, el decreto retira a Estados Unidos del Consejo de Derechos Humanos de la ONU, \u00f3rgano del que no es Estado miembro sino observador, y prolonga la suspensi\u00f3n de toda financiaci\u00f3n estadunidense a la agencia de la ONU para los refugiados palestinos (Unrwa).<\/p>\n<p>Estados Unidos, junto con varios otros pa\u00edses, hab\u00eda suspendido su contribuci\u00f3n financiera a la Unrwa despu\u00e9s de que Israel hiciera acusaciones en enero de 2024 de que algunos empleados de la organizaci\u00f3n hab\u00edan participado en los atentados de Hamas del 7 de octubre de 2023.<\/p>\n<p>El texto se decidi\u00f3 \u00aben vista de las numerosas medidas adoptadas por varios organismos de Naciones Unidas que demuestran un profundo sesgo antiestadunidense\u00bb, declar\u00f3 Will Scharf, asesor de Trump, al presentar el documento al presidente estadounidense para su firma.<\/p>\n<p>El decreto tambi\u00e9n pretende \u00abrevisar la implicaci\u00f3n estadunidense en la Unesco\u00bb, la Organizaci\u00f3n de las Naciones Unidas para la Educaci\u00f3n, la Ciencia y la Cultura, \u00abque tambi\u00e9n ha demostrado un sesgo antiestadunidense\u00bb, a\u00f1adi\u00f3 Scharf.<\/p>\n<p>\u00abDe manera m\u00e1s general, la orden ejecutiva pide una revisi\u00f3n de la participaci\u00f3n y financiaci\u00f3n estadounidense en la ONU a la luz de las disparidades disparatadas en los niveles de financiaci\u00f3n entre los distintos pa\u00edses\u00bb, dijo el asesor, recordando que Trump hab\u00eda calificado esas diferencias de \u00abprofundamente injustas para Estados Unidos\u00bb.<\/p>\n<p>Nada m\u00e1s regresar a la Casa Blanca, el 20 de enero, el republicano firm\u00f3 una orden ejecutiva destinada a retirar a Estados Unidos de la Organizaci\u00f3n Mundial de la Salud (OMS), organismo al que en el pasado hab\u00eda criticado duramente por su gesti\u00f3n de la pandemia del covid-19.<\/p>\n","protected":false},"excerpt":{"rendered":"<p>El presidente de Estados Unidos, Donald Trump, firm\u00f3 este martes un decreto por el que saca a su pa\u00eds de<\/p>\n","protected":false},"author":4,"featured_media":49589,"comment_status":"closed","ping_status":"closed","sticky":false,"template":"","format":"standard","meta":{"colormag_page_container_layout":"default_layout","colormag_page_sidebar_layout":"default_layout","_jetpack_memberships_contains_paid_content":false,"footnotes":"","jetpack_publicize_message":"","jetpack_publicize_feature_enabled":true,"jetpack_social_post_already_shared":true,"jetpack_social_options":{"image_generator_settings":{"template":"highway","default_image_id":0,"font":"","enabled":false},"version":2}},"categories":[355],"tags":[],"class_list":["post-49588","post","type-post","status-publish","format-standard","has-post-thumbnail","hentry","category-internacional"],"jetpack_publicize_connections":[],"jetpack_featured_media_url":"https:\/\/noticiasveracruz.com\/wp-content\/uploads\/2025\/02\/rss-efe8f43cbbded730c4b0ea330628cc748a3a3170b7cw.jpg","jetpack_sharing_enabled":true,"publishpress_future_action":{"enabled":false,"date":"2026-05-08 05:28:34","action":"change-status","newStatus":"draft","terms":[],"taxonomy":"category","extraData":[]},"publishpress_future_workflow_manual_trigger":{"enabledWorkflows":[]},"_links":{"self":[{"href":"https:\/\/noticiasveracruz.com\/index.php\/wp-json\/wp\/v2\/posts\/49588","targetHints":{"allow":["GET"]}}],"collection":[{"href":"https:\/\/noticiasveracruz.com\/index.php\/wp-json\/wp\/v2\/posts"}],"about":[{"href":"https:\/\/noticiasveracruz.com\/index.php\/wp-json\/wp\/v2\/types\/post"}],"author":[{"embeddable":true,"href":"https:\/\/noticiasveracruz.com\/index.php\/wp-json\/wp\/v2\/users\/4"}],"replies":[{"embeddable":true,"href":"https:\/\/noticiasveracruz.com\/index.php\/wp-json\/wp\/v2\/comments?post=49588"}],"version-history":[{"count":0,"href":"https:\/\/noticiasveracruz.com\/index.php\/wp-json\/wp\/v2\/posts\/49588\/revisions"}],"wp:featuredmedia":[{"embeddable":true,"href":"https:\/\/noticiasveracruz.com\/index.php\/wp-json\/wp\/v2\/media\/49589"}],"wp:attachment":[{"href":"https:\/\/noticiasveracruz.com\/index.php\/wp-json\/wp\/v2\/media?parent=49588"}],"wp:term":[{"taxonomy":"category","embeddable":true,"href":"https:\/\/noticiasveracruz.com\/index.php\/wp-json\/wp\/v2\/categories?post=49588"},{"taxonomy":"post_tag","embeddable":true,"href":"https:\/\/noticiasveracruz.com\/index.php\/wp-json\/wp\/v2\/tags?post=49588"}],"curies":[{"name":"wp","href":"https:\/\/api.w.org\/{rel}","templated":true}]}}