{"id":49585,"date":"2025-02-05T00:18:45","date_gmt":"2025-02-05T06:18:45","guid":{"rendered":"https:\/\/noticiasveracruz.com\/?p=49585"},"modified":"2025-02-04T22:49:34","modified_gmt":"2025-02-05T04:49:34","slug":"acusan-a-milei-de-minimizar-masiva-protesta-contra-su-administracion","status":"publish","type":"post","link":"https:\/\/noticiasveracruz.com\/index.php\/2025\/02\/05\/acusan-a-milei-de-minimizar-masiva-protesta-contra-su-administracion\/","title":{"rendered":"Acusan a Milei de minimizar masiva protesta contra su administraci\u00f3n"},"content":{"rendered":"<p class=\"western\">Si algo caracteriza a la ultraderechista gobernante La Libertad Avanza(LLA) es la impunidad del presidente, Javier Milei, para mentir p\u00fablicamente como lo hizo ante la imponente movilizaci\u00f3n del Orgullo Antifascista y Antirracista del pasado s\u00e1bado en esta capital, en todo el pa\u00eds y en el mundo, al decir que el video de su discurso en el Foro Econ\u00f3mico de Davos fue editado, y que \u201cla comunidad LGBT+ fue utilizada por sectores pol\u00edticos\u201d cuando esos discursos est\u00e1n grabados desde Suiza, circulan libremente y en las \u00faltimas horas ratific\u00f3 que en \u201csus versiones m\u00e1s extremas, la ideolog\u00eda de g\u00e9nero constituye lisa y llanamente abuso infantil: son ped\u00f3filos\u201d.<\/p>\n<p class=\"western\">Esto sucedi\u00f3 durante una entrevista realizada por un periodista \u201camigo\u201d del grupo medi\u00e1tico de\u00a0<em>La Naci\u00f3n<\/em>\u00a0sobre la marcha del s\u00e1bado, dejando en claro que no reconoce la importancia de esta movilizaci\u00f3n in\u00e9dita que cambi\u00f3 indudablemente el humor social, y la caracteriz\u00f3 como \u201cfascista\u201d, y como una acci\u00f3n de ignorantes ya que \u201dlos que salieron son los zurdos a los que se les cay\u00f3 el mundo encima y los aplast\u00f3\u201d considerando que ellos \u201cson los nazis\u201d.<\/p>\n<p class=\"western\">Confirm\u00f3 que lo que m\u00e1s le molesta \u201ces el feminismo radical\u00bb que es hoy de hombres contra mujeres y si no adher\u00eds sos un mis\u00f3gino\u00bb caracterizando como violencia que el feminismo \u00abes un invento del posmarxismo como el ambientalismo, los pueblos originarios, la agenda asesina del aborto (\u2026) el wokismo agarra, te inventa un derecho, vienen a liberarte y que se resuelva en el Estado. Y aquel que no adhiere, le pone una etiqueta, y a partir de esa etiqueta te cancelan. Y es lo que hacen en Twitter\u201d, dijo al asegurar que su amigo el multimillonario Elon Musk, \u201csalv\u00f3 a Occidente\u00bb por haber comprado esa red social.<\/p>\n","protected":false},"excerpt":{"rendered":"<p>Si algo caracteriza a la ultraderechista gobernante La Libertad Avanza(LLA) es la impunidad del presidente, Javier Milei, para mentir p\u00fablicamente<\/p>\n","protected":false},"author":4,"featured_media":49586,"comment_status":"closed","ping_status":"closed","sticky":false,"template":"","format":"standard","meta":{"colormag_page_container_layout":"default_layout","colormag_page_sidebar_layout":"default_layout","_jetpack_memberships_contains_paid_content":false,"footnotes":"","jetpack_publicize_message":"","jetpack_publicize_feature_enabled":true,"jetpack_social_post_already_shared":true,"jetpack_social_options":{"image_generator_settings":{"template":"highway","default_image_id":0,"font":"","enabled":false},"version":2}},"categories":[355],"tags":[],"class_list":["post-49585","post","type-post","status-publish","format-standard","has-post-thumbnail","hentry","category-internacional"],"jetpack_publicize_connections":[],"jetpack_featured_media_url":"https:\/\/noticiasveracruz.com\/wp-content\/uploads\/2025\/02\/461370_4x.jpg","jetpack_sharing_enabled":true,"publishpress_future_action":{"enabled":false,"date":"2026-05-08 06:20:55","action":"change-status","newStatus":"draft","terms":[],"taxonomy":"category","extraData":[]},"publishpress_future_workflow_manual_trigger":{"enabledWorkflows":[]},"_links":{"self":[{"href":"https:\/\/noticiasveracruz.com\/index.php\/wp-json\/wp\/v2\/posts\/49585","targetHints":{"allow":["GET"]}}],"collection":[{"href":"https:\/\/noticiasveracruz.com\/index.php\/wp-json\/wp\/v2\/posts"}],"about":[{"href":"https:\/\/noticiasveracruz.com\/index.php\/wp-json\/wp\/v2\/types\/post"}],"author":[{"embeddable":true,"href":"https:\/\/noticiasveracruz.com\/index.php\/wp-json\/wp\/v2\/users\/4"}],"replies":[{"embeddable":true,"href":"https:\/\/noticiasveracruz.com\/index.php\/wp-json\/wp\/v2\/comments?post=49585"}],"version-history":[{"count":0,"href":"https:\/\/noticiasveracruz.com\/index.php\/wp-json\/wp\/v2\/posts\/49585\/revisions"}],"wp:featuredmedia":[{"embeddable":true,"href":"https:\/\/noticiasveracruz.com\/index.php\/wp-json\/wp\/v2\/media\/49586"}],"wp:attachment":[{"href":"https:\/\/noticiasveracruz.com\/index.php\/wp-json\/wp\/v2\/media?parent=49585"}],"wp:term":[{"taxonomy":"category","embeddable":true,"href":"https:\/\/noticiasveracruz.com\/index.php\/wp-json\/wp\/v2\/categories?post=49585"},{"taxonomy":"post_tag","embeddable":true,"href":"https:\/\/noticiasveracruz.com\/index.php\/wp-json\/wp\/v2\/tags?post=49585"}],"curies":[{"name":"wp","href":"https:\/\/api.w.org\/{rel}","templated":true}]}}