{"id":49582,"date":"2025-02-05T00:17:01","date_gmt":"2025-02-05T06:17:01","guid":{"rendered":"https:\/\/noticiasveracruz.com\/?p=49582"},"modified":"2025-02-05T00:27:18","modified_gmt":"2025-02-05T06:27:18","slug":"trump-quiere-que-eu-se-apropie-de-gaza-y-reubicar-a-los-palestinos","status":"publish","type":"post","link":"https:\/\/noticiasveracruz.com\/index.php\/2025\/02\/05\/trump-quiere-que-eu-se-apropie-de-gaza-y-reubicar-a-los-palestinos\/","title":{"rendered":"Trump quiere que EU se apropie de Gaza y reubicar a los palestinos"},"content":{"rendered":"<p>El presidente Donald Trump coment\u00f3 este martes que quiere que Estados Unidos se apropie de la franja de Gaza y la reurbanice despu\u00e9s de que los palestinos sean reubicados en otros lugares.<\/p>\n<p>\u201cSeremos los due\u00f1os y responsables de desmantelar todas las bombas peligrosas sin explotar y otras armas en el lugar\u201d, dijo Trump al comienzo de una conferencia de prensa conjunta con el primer ministro israel\u00ed, Benjamin Netanyahu.<\/p>\n<p>Trump agreg\u00f3 que Estados Unidos arrasar\u00eda los edificios destruidos y \u201ccrear\u00eda un desarrollo econ\u00f3mico que proporcionar\u00e1 un n\u00famero ilimitado de empleos y viviendas para la gente de la zona\u201d.<\/p>\n<p>Los comentarios se produjeron despu\u00e9s de que Trump sugiriera anteriormente que los palestinos desplazados en Gaza fueran reasentados \u201cpermanentemente\u201d fuera del territorio devastado por la guerra.<\/p>\n","protected":false},"excerpt":{"rendered":"<p>El presidente Donald Trump coment\u00f3 este martes que quiere que Estados Unidos se apropie de la franja de Gaza y<\/p>\n","protected":false},"author":4,"featured_media":49583,"comment_status":"closed","ping_status":"closed","sticky":false,"template":"","format":"standard","meta":{"colormag_page_container_layout":"default_layout","colormag_page_sidebar_layout":"default_layout","_jetpack_memberships_contains_paid_content":false,"footnotes":"","jetpack_publicize_message":"","jetpack_publicize_feature_enabled":true,"jetpack_social_post_already_shared":true,"jetpack_social_options":{"image_generator_settings":{"template":"highway","default_image_id":0,"font":"","enabled":false},"version":2}},"categories":[355],"tags":[],"class_list":["post-49582","post","type-post","status-publish","format-standard","has-post-thumbnail","hentry","category-internacional"],"jetpack_publicize_connections":[],"jetpack_featured_media_url":"https:\/\/noticiasveracruz.com\/wp-content\/uploads\/2025\/02\/117931307.png","jetpack_sharing_enabled":true,"publishpress_future_action":{"enabled":false,"date":"2026-05-08 07:05:35","action":"change-status","newStatus":"draft","terms":[],"taxonomy":"category","extraData":[]},"publishpress_future_workflow_manual_trigger":{"enabledWorkflows":[]},"_links":{"self":[{"href":"https:\/\/noticiasveracruz.com\/index.php\/wp-json\/wp\/v2\/posts\/49582","targetHints":{"allow":["GET"]}}],"collection":[{"href":"https:\/\/noticiasveracruz.com\/index.php\/wp-json\/wp\/v2\/posts"}],"about":[{"href":"https:\/\/noticiasveracruz.com\/index.php\/wp-json\/wp\/v2\/types\/post"}],"author":[{"embeddable":true,"href":"https:\/\/noticiasveracruz.com\/index.php\/wp-json\/wp\/v2\/users\/4"}],"replies":[{"embeddable":true,"href":"https:\/\/noticiasveracruz.com\/index.php\/wp-json\/wp\/v2\/comments?post=49582"}],"version-history":[{"count":0,"href":"https:\/\/noticiasveracruz.com\/index.php\/wp-json\/wp\/v2\/posts\/49582\/revisions"}],"wp:featuredmedia":[{"embeddable":true,"href":"https:\/\/noticiasveracruz.com\/index.php\/wp-json\/wp\/v2\/media\/49583"}],"wp:attachment":[{"href":"https:\/\/noticiasveracruz.com\/index.php\/wp-json\/wp\/v2\/media?parent=49582"}],"wp:term":[{"taxonomy":"category","embeddable":true,"href":"https:\/\/noticiasveracruz.com\/index.php\/wp-json\/wp\/v2\/categories?post=49582"},{"taxonomy":"post_tag","embeddable":true,"href":"https:\/\/noticiasveracruz.com\/index.php\/wp-json\/wp\/v2\/tags?post=49582"}],"curies":[{"name":"wp","href":"https:\/\/api.w.org\/{rel}","templated":true}]}}