{"id":49570,"date":"2025-02-05T00:13:35","date_gmt":"2025-02-05T06:13:35","guid":{"rendered":"https:\/\/noticiasveracruz.com\/?p=49570"},"modified":"2025-02-04T22:36:28","modified_gmt":"2025-02-05T04:36:28","slug":"motin-en-el-creset-de-villahermosa-deja-7-muertos","status":"publish","type":"post","link":"https:\/\/noticiasveracruz.com\/index.php\/2025\/02\/05\/motin-en-el-creset-de-villahermosa-deja-7-muertos\/","title":{"rendered":"Mot\u00edn en el Creset de Villahermosa deja 7 muertos"},"content":{"rendered":"<p>Al menos siete muertos fue el saldo de un mot\u00edn registrado cerca del mediod\u00eda de este martes en el Centro de Reinserci\u00f3n Social del estado de Tabasco (Creset), ubicado en las afueras de la ciudad de Villahermosa.<\/p>\n<p>La Fiscal\u00eda General del Estado (FGE) dio parte de los fallecidos tras ingresar al centro penitenciario cerca de las 12:30 horas, una vez que fue controlado el mot\u00edn. A\u00fan se desconocen las causas.<\/p>\n<p>El fiscal general, Jos\u00e9 Barajas, fue el funcionario que lleg\u00f3 hasta el reclusorio acompa\u00f1ado de peritos y elementos de la polic\u00eda de investigaci\u00f3n para iniciar las investigaciones.<\/p>\n<p>La movilizaci\u00f3n de fuerzas federales y estatales inici\u00f3 antes de las 12:00 horas y poco despu\u00e9s se escucharon detonaciones de balazos al interior del penal, situaci\u00f3n que alert\u00f3 a familiares de los internos que comenzaron a llegar a las puertas de la c\u00e1rcel estatal para pedir informes sobre la situaci\u00f3n de los reclusos.<\/p>\n","protected":false},"excerpt":{"rendered":"<p>Al menos siete muertos fue el saldo de un mot\u00edn registrado cerca del mediod\u00eda de este martes en el Centro<\/p>\n","protected":false},"author":4,"featured_media":49571,"comment_status":"closed","ping_status":"closed","sticky":false,"template":"","format":"standard","meta":{"colormag_page_container_layout":"default_layout","colormag_page_sidebar_layout":"default_layout","_jetpack_memberships_contains_paid_content":false,"footnotes":"","jetpack_publicize_message":"","jetpack_publicize_feature_enabled":true,"jetpack_social_post_already_shared":true,"jetpack_social_options":{"image_generator_settings":{"template":"highway","default_image_id":0,"font":"","enabled":false},"version":2}},"categories":[145],"tags":[],"class_list":["post-49570","post","type-post","status-publish","format-standard","has-post-thumbnail","hentry","category-estados"],"jetpack_publicize_connections":[],"jetpack_featured_media_url":"https:\/\/noticiasveracruz.com\/wp-content\/uploads\/2025\/02\/captura-de-pantalla-2025-02-04-130846.jpg","jetpack_sharing_enabled":true,"publishpress_future_action":{"enabled":false,"date":"2026-05-08 23:23:10","action":"change-status","newStatus":"draft","terms":[],"taxonomy":"category","extraData":[]},"publishpress_future_workflow_manual_trigger":{"enabledWorkflows":[]},"_links":{"self":[{"href":"https:\/\/noticiasveracruz.com\/index.php\/wp-json\/wp\/v2\/posts\/49570","targetHints":{"allow":["GET"]}}],"collection":[{"href":"https:\/\/noticiasveracruz.com\/index.php\/wp-json\/wp\/v2\/posts"}],"about":[{"href":"https:\/\/noticiasveracruz.com\/index.php\/wp-json\/wp\/v2\/types\/post"}],"author":[{"embeddable":true,"href":"https:\/\/noticiasveracruz.com\/index.php\/wp-json\/wp\/v2\/users\/4"}],"replies":[{"embeddable":true,"href":"https:\/\/noticiasveracruz.com\/index.php\/wp-json\/wp\/v2\/comments?post=49570"}],"version-history":[{"count":0,"href":"https:\/\/noticiasveracruz.com\/index.php\/wp-json\/wp\/v2\/posts\/49570\/revisions"}],"wp:featuredmedia":[{"embeddable":true,"href":"https:\/\/noticiasveracruz.com\/index.php\/wp-json\/wp\/v2\/media\/49571"}],"wp:attachment":[{"href":"https:\/\/noticiasveracruz.com\/index.php\/wp-json\/wp\/v2\/media?parent=49570"}],"wp:term":[{"taxonomy":"category","embeddable":true,"href":"https:\/\/noticiasveracruz.com\/index.php\/wp-json\/wp\/v2\/categories?post=49570"},{"taxonomy":"post_tag","embeddable":true,"href":"https:\/\/noticiasveracruz.com\/index.php\/wp-json\/wp\/v2\/tags?post=49570"}],"curies":[{"name":"wp","href":"https:\/\/api.w.org\/{rel}","templated":true}]}}