{"id":49564,"date":"2025-02-05T00:11:17","date_gmt":"2025-02-05T06:11:17","guid":{"rendered":"https:\/\/noticiasveracruz.com\/?p=49564"},"modified":"2025-02-04T22:31:14","modified_gmt":"2025-02-05T04:31:14","slug":"ratifican-a-gabriel-cuadra-como-nuevo-subgobernador-del-bdem","status":"publish","type":"post","link":"https:\/\/noticiasveracruz.com\/index.php\/2025\/02\/05\/ratifican-a-gabriel-cuadra-como-nuevo-subgobernador-del-bdem\/","title":{"rendered":"Ratifican a Gabriel Cuadra como nuevo subgobernador del BdeM"},"content":{"rendered":"<p>Luego de comparecer por poco m\u00e1s de una hora ante la Comisi\u00f3n de Hacienda y Cr\u00e9dito P\u00fablico del Senado de la Rep\u00fablica, Gabriel Cuadra Garc\u00eda fue ratificado -con 12 votos a favor- como subgobernador del Banco de M\u00e9xico (BdeM).<\/p>\n<p>Al ser cuestionado por los integrantes de la Comisi\u00f3n sobre sus experiencia y la labor que llevar\u00eda a cabo dentro del instituto central, el ahora integrante de la junta de gobierno del BdeM se comprometi\u00f3 a combatir la inflaci\u00f3n.<\/p>\n<p>Cuadra Garc\u00eda tendr\u00e1 su primera participaci\u00f3n en una decisi\u00f3n importante del BdeM esta misma semana cuando la junta de gobierno lleve a cabo su primera junta de pol\u00edtica monetaria, cuya determinaci\u00f3n se dar\u00e1 a conocer el jueves a las 13:00 horas.<\/p>\n<p>La junta de gobierno enfrenta un escenario complicado, toda vez que, aunque analistas preve\u00edan que el banco central continuar\u00eda en febrero con su ciclo de bajas a la tasa de inter\u00e9s, ahora prev\u00e9n que la pol\u00edtica econ\u00f3mica de Donald Trump dificulta la decisi\u00f3n.<\/p>\n<p>Destac\u00f3 que, como miembro del \u00f3rgano aut\u00f3nomo, las decisiones que tomar\u00e1 siempre estar\u00edan basadas en un an\u00e1lisis t\u00e9cnico de las condiciones macroecon\u00f3micas del pa\u00eds, especialmente del panorama de la inflaci\u00f3n.<\/p>\n<p>Destac\u00f3 que a partir de la pandemia de covid-19, M\u00e9xico al igual que en el resto del mundo, alcanz\u00f3 niveles de inflaci\u00f3n que no se hab\u00edan observado en mucho tiempo. Ante dicha severidad, dijo, el Banco de M\u00e9xico actu\u00f3 de manera oportuna y decidida, ajustando la postura monetaria como lo requer\u00eda el entorno inflacionario.<\/p>\n<p>Posteriormente, continu\u00f3, debido a la disipaci\u00f3n de los choques globales y a las propias acciones de pol\u00edtica monetaria del instituto central, inici\u00f3 y avanz\u00f3 un proceso de desinflaci\u00f3n. En ese contexto, el a\u00f1o pasado el banco central comenz\u00f3 a moderar el grado de apretamiento monetario al ir reduciendo la tasa de referencia.<\/p>\n<p>Cuadra inici\u00f3 su trayectoria en el BdeM hace m\u00e1s de dos d\u00e9cadas, siendo investigador econ\u00f3mico dentro del banco central y gerente de asuntos de pol\u00edtica monetaria.<\/p>\n","protected":false},"excerpt":{"rendered":"<p>Luego de comparecer por poco m\u00e1s de una hora ante la Comisi\u00f3n de Hacienda y Cr\u00e9dito P\u00fablico del Senado de<\/p>\n","protected":false},"author":4,"featured_media":49565,"comment_status":"closed","ping_status":"closed","sticky":false,"template":"","format":"standard","meta":{"colormag_page_container_layout":"default_layout","colormag_page_sidebar_layout":"default_layout","_jetpack_memberships_contains_paid_content":false,"footnotes":"","jetpack_publicize_message":"","jetpack_publicize_feature_enabled":true,"jetpack_social_post_already_shared":true,"jetpack_social_options":{"image_generator_settings":{"template":"highway","default_image_id":0,"font":"","enabled":false},"version":2}},"categories":[1947],"tags":[],"class_list":["post-49564","post","type-post","status-publish","format-standard","has-post-thumbnail","hentry","category-economia"],"jetpack_publicize_connections":[],"jetpack_featured_media_url":"https:\/\/noticiasveracruz.com\/wp-content\/uploads\/2025\/02\/Cuadra.jpg","jetpack_sharing_enabled":true,"publishpress_future_action":{"enabled":false,"date":"2026-05-08 20:58:18","action":"change-status","newStatus":"draft","terms":[],"taxonomy":"category","extraData":[]},"publishpress_future_workflow_manual_trigger":{"enabledWorkflows":[]},"_links":{"self":[{"href":"https:\/\/noticiasveracruz.com\/index.php\/wp-json\/wp\/v2\/posts\/49564","targetHints":{"allow":["GET"]}}],"collection":[{"href":"https:\/\/noticiasveracruz.com\/index.php\/wp-json\/wp\/v2\/posts"}],"about":[{"href":"https:\/\/noticiasveracruz.com\/index.php\/wp-json\/wp\/v2\/types\/post"}],"author":[{"embeddable":true,"href":"https:\/\/noticiasveracruz.com\/index.php\/wp-json\/wp\/v2\/users\/4"}],"replies":[{"embeddable":true,"href":"https:\/\/noticiasveracruz.com\/index.php\/wp-json\/wp\/v2\/comments?post=49564"}],"version-history":[{"count":0,"href":"https:\/\/noticiasveracruz.com\/index.php\/wp-json\/wp\/v2\/posts\/49564\/revisions"}],"wp:featuredmedia":[{"embeddable":true,"href":"https:\/\/noticiasveracruz.com\/index.php\/wp-json\/wp\/v2\/media\/49565"}],"wp:attachment":[{"href":"https:\/\/noticiasveracruz.com\/index.php\/wp-json\/wp\/v2\/media?parent=49564"}],"wp:term":[{"taxonomy":"category","embeddable":true,"href":"https:\/\/noticiasveracruz.com\/index.php\/wp-json\/wp\/v2\/categories?post=49564"},{"taxonomy":"post_tag","embeddable":true,"href":"https:\/\/noticiasveracruz.com\/index.php\/wp-json\/wp\/v2\/tags?post=49564"}],"curies":[{"name":"wp","href":"https:\/\/api.w.org\/{rel}","templated":true}]}}