{"id":49555,"date":"2025-02-05T00:08:14","date_gmt":"2025-02-05T06:08:14","guid":{"rendered":"https:\/\/noticiasveracruz.com\/?p=49555"},"modified":"2025-02-04T22:16:09","modified_gmt":"2025-02-05T04:16:09","slug":"rechaza-de-la-fuente-traslado-de-migrantes-mexicanos-a-guantanamo","status":"publish","type":"post","link":"https:\/\/noticiasveracruz.com\/index.php\/2025\/02\/05\/rechaza-de-la-fuente-traslado-de-migrantes-mexicanos-a-guantanamo\/","title":{"rendered":"Rechaza De la Fuente traslado de migrantes mexicanos a Guant\u00e1namo"},"content":{"rendered":"<p class=\"western\">\u201cNing\u00fan migrante mexicano, bajo ninguna circunstancia, ser\u00e1 traslado a la base de Guant\u00e1namo, advirti\u00f3 el secretario de Relaciones Exteriores, Juan Ram\u00f3n de la Fuente.<\/p>\n<p class=\"western\">Entrevistado previo a su participaci\u00f3n en la plenaria del grupo de Morena en el Senado, el canciller recalc\u00f3 que desde que el gobierno de Donald Trump inform\u00f3 que se mandar\u00eda ah\u00ed a migrantes, se envi\u00f3 a la embajada de Estados Unidos una nota diplom\u00e1tica, diciendo que aqu\u00ed en el pa\u00eds se recibir\u00eda a todos los connacionales y es lo que ha ocurrido y seguir\u00e1 ocurriendo\u201d.<\/p>\n<p class=\"western\">Expres\u00f3 asimismo que no se ha dado un incremento en el n\u00famero de repatriaciones de migrantes, el n\u00famero de mantiene en los niveles de otros a\u00f1os.<\/p>\n<p class=\"western\">\u201cDesde luego hemos estado recibiendo a todas y a todos los mexicanos que quieran regresar y se les est\u00e1 atendiendo de conformidad con el plan que en su momento dio a conocer la propia presidenta, pero los n\u00fameros en realidad no han variado mucho de lo que ven\u00eda ocurriendo, de todas maneras vamos a seguir estando muy pendientes para que aquellos que decidan regresar, que se vean precisados en regresar pues lo puedan hacer en las mejores condiciones\u201d.<\/p>\n<p class=\"western\">El titular de Relaciones Exteriores resalt\u00f3 que la presidenta Claudia Sheinbaum dio que Sheinbaum dio una c\u00e1tedra de diplomacia \u201cque el mundo entero ha reconocido \u201c, luego del acuerdo con el gobierno de Estados Unidos para frenar la imposici\u00f3n de aranceles.<\/p>\n<p class=\"western\">Es un claro ejemplo, insisti\u00f3, del liderazgo internacional de la presidenta Claudia Sheinbaum. \u201c Logr\u00f3 realmente acuerdos hist\u00f3ricos para M\u00e9xico y yo creo que esa tiene que seguir siendo la l\u00ednea, la que ella ha marcado, mantener la serenidad, analizar las cosas y buscar siempre el di\u00e1logo, la coordinaci\u00f3n, la cooperaci\u00f3n, toda la que quieran, subordinaci\u00f3n ninguna, poner muy en claro que la soberan\u00eda no se negocia bajo ninguna circunstancia\u201d.<\/p>\n<p class=\"western\">El canciller coment\u00f3 adem\u00e1s que ha tenido conversaciones con su hom\u00f3logo estadunidense, Marco Rubio \u201c y vamos a seguir teni\u00e9ndolas\u201d. Ha sido, dijo, un di\u00e1logo franco, abierto y cordial\u201d y luego de que el Secretario de Estado regrese de Centroam\u00e9rica, donde se encuentra ahora, \u201ctendremos nuevamente una pl\u00e1tica\u201d.<\/p>\n","protected":false},"excerpt":{"rendered":"<p>\u201cNing\u00fan migrante mexicano, bajo ninguna circunstancia, ser\u00e1 traslado a la base de Guant\u00e1namo, advirti\u00f3 el secretario de Relaciones Exteriores, Juan<\/p>\n","protected":false},"author":4,"featured_media":49556,"comment_status":"closed","ping_status":"closed","sticky":false,"template":"","format":"standard","meta":{"colormag_page_container_layout":"default_layout","colormag_page_sidebar_layout":"default_layout","_jetpack_memberships_contains_paid_content":false,"footnotes":"","jetpack_publicize_message":"","jetpack_publicize_feature_enabled":true,"jetpack_social_post_already_shared":true,"jetpack_social_options":{"image_generator_settings":{"template":"highway","default_image_id":0,"font":"","enabled":false},"version":2}},"categories":[4],"tags":[],"class_list":["post-49555","post","type-post","status-publish","format-standard","has-post-thumbnail","hentry","category-nacional"],"jetpack_publicize_connections":[],"jetpack_featured_media_url":"https:\/\/noticiasveracruz.com\/wp-content\/uploads\/2025\/02\/AA1yq7pS.jpg","jetpack_sharing_enabled":true,"publishpress_future_action":{"enabled":false,"date":"2026-05-08 17:44:21","action":"change-status","newStatus":"draft","terms":[],"taxonomy":"category","extraData":[]},"publishpress_future_workflow_manual_trigger":{"enabledWorkflows":[]},"_links":{"self":[{"href":"https:\/\/noticiasveracruz.com\/index.php\/wp-json\/wp\/v2\/posts\/49555","targetHints":{"allow":["GET"]}}],"collection":[{"href":"https:\/\/noticiasveracruz.com\/index.php\/wp-json\/wp\/v2\/posts"}],"about":[{"href":"https:\/\/noticiasveracruz.com\/index.php\/wp-json\/wp\/v2\/types\/post"}],"author":[{"embeddable":true,"href":"https:\/\/noticiasveracruz.com\/index.php\/wp-json\/wp\/v2\/users\/4"}],"replies":[{"embeddable":true,"href":"https:\/\/noticiasveracruz.com\/index.php\/wp-json\/wp\/v2\/comments?post=49555"}],"version-history":[{"count":0,"href":"https:\/\/noticiasveracruz.com\/index.php\/wp-json\/wp\/v2\/posts\/49555\/revisions"}],"wp:featuredmedia":[{"embeddable":true,"href":"https:\/\/noticiasveracruz.com\/index.php\/wp-json\/wp\/v2\/media\/49556"}],"wp:attachment":[{"href":"https:\/\/noticiasveracruz.com\/index.php\/wp-json\/wp\/v2\/media?parent=49555"}],"wp:term":[{"taxonomy":"category","embeddable":true,"href":"https:\/\/noticiasveracruz.com\/index.php\/wp-json\/wp\/v2\/categories?post=49555"},{"taxonomy":"post_tag","embeddable":true,"href":"https:\/\/noticiasveracruz.com\/index.php\/wp-json\/wp\/v2\/tags?post=49555"}],"curies":[{"name":"wp","href":"https:\/\/api.w.org\/{rel}","templated":true}]}}