{"id":49552,"date":"2025-02-05T00:07:11","date_gmt":"2025-02-05T06:07:11","guid":{"rendered":"https:\/\/noticiasveracruz.com\/?p=49552"},"modified":"2025-02-04T22:13:07","modified_gmt":"2025-02-05T04:13:07","slug":"expresan-preocupacion-por-incremento-de-elementos-de-gn-en-la-frontera","status":"publish","type":"post","link":"https:\/\/noticiasveracruz.com\/index.php\/2025\/02\/05\/expresan-preocupacion-por-incremento-de-elementos-de-gn-en-la-frontera\/","title":{"rendered":"Expresan preocupaci\u00f3n por incremento de elementos de GN en la frontera"},"content":{"rendered":"<p class=\"western\">El Comit\u00e9 Ciudadano en Defensa de los Naturalizados y Afromexicanos expres\u00f3 su preocupaci\u00f3n por el incremento de elementos de la Guardia Nacional y militares en la frontera norte para frenar, adem\u00e1s del tr\u00e1fico de drogas, la migraci\u00f3n, ya que podr\u00eda derivar en detenciones de personas en contexto de movilidad y violaciones a sus derechos humanos.<\/p>\n<p class=\"western\">Con el aumento de seguridad en la frontera con Estados Unidos, como se acord\u00f3 con el presidente estadunidense Donald Trump para pausar la imposici\u00f3n de aranceles a M\u00e9xico, \u201clo que vamos a ver es que los m\u00e1s beneficiados ser\u00e1n los grupos criminales que trafican personas migrantes\u201d, consider\u00f3 Wilner Metelus, presidente del citado comit\u00e9.<\/p>\n<p class=\"western\">Indic\u00f3 que a ello se suma la situaci\u00f3n de los extranjeros que quedaron varados en el pa\u00eds por la cancelaci\u00f3n del sistema CBP One para solicitar asilo en Estados Unidos, pues \u201cest\u00e1n enfrentando bastante problemas en condiciones infrahumanas\u201d.<\/p>\n<p class=\"western\">En conferencia, expuso que en territorio mexicano hay migrantes haitianos viviendo sobre todo en Tijuana, Monterrey, Guadalajara, Ciudad de M\u00e9xico y el estado de M\u00e9xico. \u201cHay muchos que laboran en f\u00e1bricas y tambi\u00e9n son muchos los que buscan trabajo. El objetivo de la mayor\u00eda es quedarse en el pa\u00eds\u201d, manifest\u00f3.<\/p>\n<p class=\"western\">Sin embargo, Metelus lament\u00f3 que la Comisi\u00f3n Mexicana de Ayuda a Refugiados (Comar) \u201cno les d\u00e9 respuesta\u201d pronta a sus solicitudes.<\/p>\n<p class=\"western\">\u201cLa presidenta Claudia Sheinbaum debe entender la realidad. No debe deportar a nuestros hermanos, debe dar refugio a todos los migrantes y buscar lugares para que vivan como seres humanos. Tambi\u00e9n la sociedad civil mexicana debe apoyarlos\u201d, convoc\u00f3.<\/p>\n<p>En este sentido, igualmente pidi\u00f3 que el gobierno mexicano apoye los albergues para migrantes, ya que varios de ellos se reportan como \u201csaturados\u201d.<\/p>\n","protected":false},"excerpt":{"rendered":"<p>El Comit\u00e9 Ciudadano en Defensa de los Naturalizados y Afromexicanos expres\u00f3 su preocupaci\u00f3n por el incremento de elementos de la<\/p>\n","protected":false},"author":4,"featured_media":49553,"comment_status":"closed","ping_status":"closed","sticky":false,"template":"","format":"standard","meta":{"colormag_page_container_layout":"default_layout","colormag_page_sidebar_layout":"default_layout","_jetpack_memberships_contains_paid_content":false,"footnotes":"","jetpack_publicize_message":"","jetpack_publicize_feature_enabled":true,"jetpack_social_post_already_shared":true,"jetpack_social_options":{"image_generator_settings":{"template":"highway","default_image_id":0,"font":"","enabled":false},"version":2}},"categories":[4],"tags":[],"class_list":["post-49552","post","type-post","status-publish","format-standard","has-post-thumbnail","hentry","category-nacional"],"jetpack_publicize_connections":[],"jetpack_featured_media_url":"https:\/\/noticiasveracruz.com\/wp-content\/uploads\/2025\/02\/AA1ypP1J.jpg","jetpack_sharing_enabled":true,"publishpress_future_action":{"enabled":false,"date":"2026-05-08 16:52:46","action":"change-status","newStatus":"draft","terms":[],"taxonomy":"category","extraData":[]},"publishpress_future_workflow_manual_trigger":{"enabledWorkflows":[]},"_links":{"self":[{"href":"https:\/\/noticiasveracruz.com\/index.php\/wp-json\/wp\/v2\/posts\/49552","targetHints":{"allow":["GET"]}}],"collection":[{"href":"https:\/\/noticiasveracruz.com\/index.php\/wp-json\/wp\/v2\/posts"}],"about":[{"href":"https:\/\/noticiasveracruz.com\/index.php\/wp-json\/wp\/v2\/types\/post"}],"author":[{"embeddable":true,"href":"https:\/\/noticiasveracruz.com\/index.php\/wp-json\/wp\/v2\/users\/4"}],"replies":[{"embeddable":true,"href":"https:\/\/noticiasveracruz.com\/index.php\/wp-json\/wp\/v2\/comments?post=49552"}],"version-history":[{"count":0,"href":"https:\/\/noticiasveracruz.com\/index.php\/wp-json\/wp\/v2\/posts\/49552\/revisions"}],"wp:featuredmedia":[{"embeddable":true,"href":"https:\/\/noticiasveracruz.com\/index.php\/wp-json\/wp\/v2\/media\/49553"}],"wp:attachment":[{"href":"https:\/\/noticiasveracruz.com\/index.php\/wp-json\/wp\/v2\/media?parent=49552"}],"wp:term":[{"taxonomy":"category","embeddable":true,"href":"https:\/\/noticiasveracruz.com\/index.php\/wp-json\/wp\/v2\/categories?post=49552"},{"taxonomy":"post_tag","embeddable":true,"href":"https:\/\/noticiasveracruz.com\/index.php\/wp-json\/wp\/v2\/tags?post=49552"}],"curies":[{"name":"wp","href":"https:\/\/api.w.org\/{rel}","templated":true}]}}