{"id":49534,"date":"2025-02-05T00:01:44","date_gmt":"2025-02-05T06:01:44","guid":{"rendered":"https:\/\/noticiasveracruz.com\/?p=49534"},"modified":"2025-02-04T21:28:32","modified_gmt":"2025-02-05T03:28:32","slug":"crecera-turismo-de-reuniones","status":"publish","type":"post","link":"https:\/\/noticiasveracruz.com\/index.php\/2025\/02\/05\/crecera-turismo-de-reuniones\/","title":{"rendered":"Crecer\u00e1 turismo de reuniones"},"content":{"rendered":"<p>El World Trade Center (WTC) Veracruz se consolida como un motor clave para el turismo de convenciones, con 66 eventos ya contratados para 2025, seg\u00fan inform\u00f3 la coordinadora, Alicia Abaunza Goicochea.<\/p>\n<p>Esta cifra refleja la creciente demanda de espacios para congresos, exposiciones y reuniones de gran escala, posicionando a la zona conurbada Veracruz &#8211; Boca del R\u00edo como un destino estrat\u00e9gico para el turismo de negocios.<\/p>\n<p>El WTC cuenta con infraestructura de primer nivel, destacando los Salones Taj\u00edn, que ofrecen 9 mil metros cuadrados sin columnas, ideales para exposiciones de gran formato con capacidad para hasta 498 stands.<\/p>\n<p>Adem\u00e1s, los salones Ul\u00faa y Olmeca, con superficies de 2, mil 470 m\u00b2 y 940 m\u00b2 respectivamente, permiten configuraciones flexibles para eventos empresariales, acad\u00e9micos y culturales.<\/p>\n<p>Entre los eventos confirmados se encuentran ferias comerciales, congresos internacionales, exposiciones de tecnolog\u00eda y encuentros del sector educativo, que no solo atraen a miles de visitantes nacionales e internacionales, sino que tambi\u00e9n generan un impacto positivo en la econom\u00eda local, al beneficiar a hoteles, restaurantes y prestadores de servicios tur\u00edsticos.<\/p>\n<p>Abaunza Goicochea destac\u00f3 que el recinto no solo ofrece espacios modernos, sino tambi\u00e9n servicios integrales como conectividad de alta velocidad, sistemas de climatizaci\u00f3n y log\u00edstica para eventos de gran envergadura. \u201cNuestra infraestructura est\u00e1 dise\u00f1ada para adaptarse a las necesidades de cualquier tipo de evento, lo que nos ha permitido mantenernos como un referente en la organizaci\u00f3n de convenciones a nivel nacional\u201d, subray\u00f3.<\/p>\n","protected":false},"excerpt":{"rendered":"<p>El World Trade Center (WTC) Veracruz se consolida como un motor clave para el turismo de convenciones, con 66 eventos<\/p>\n","protected":false},"author":4,"featured_media":49535,"comment_status":"closed","ping_status":"closed","sticky":false,"template":"","format":"standard","meta":{"colormag_page_container_layout":"default_layout","colormag_page_sidebar_layout":"default_layout","_jetpack_memberships_contains_paid_content":false,"footnotes":"","jetpack_publicize_message":"","jetpack_publicize_feature_enabled":true,"jetpack_social_post_already_shared":true,"jetpack_social_options":{"image_generator_settings":{"template":"highway","default_image_id":0,"font":"","enabled":false},"version":2}},"categories":[356],"tags":[],"class_list":["post-49534","post","type-post","status-publish","format-standard","has-post-thumbnail","hentry","category-veracruz"],"jetpack_publicize_connections":[],"jetpack_featured_media_url":"https:\/\/noticiasveracruz.com\/wp-content\/uploads\/2025\/02\/9c-2.jpg","jetpack_sharing_enabled":true,"publishpress_future_action":{"enabled":false,"date":"2026-05-08 06:32:10","action":"change-status","newStatus":"draft","terms":[],"taxonomy":"category","extraData":[]},"publishpress_future_workflow_manual_trigger":{"enabledWorkflows":[]},"_links":{"self":[{"href":"https:\/\/noticiasveracruz.com\/index.php\/wp-json\/wp\/v2\/posts\/49534","targetHints":{"allow":["GET"]}}],"collection":[{"href":"https:\/\/noticiasveracruz.com\/index.php\/wp-json\/wp\/v2\/posts"}],"about":[{"href":"https:\/\/noticiasveracruz.com\/index.php\/wp-json\/wp\/v2\/types\/post"}],"author":[{"embeddable":true,"href":"https:\/\/noticiasveracruz.com\/index.php\/wp-json\/wp\/v2\/users\/4"}],"replies":[{"embeddable":true,"href":"https:\/\/noticiasveracruz.com\/index.php\/wp-json\/wp\/v2\/comments?post=49534"}],"version-history":[{"count":0,"href":"https:\/\/noticiasveracruz.com\/index.php\/wp-json\/wp\/v2\/posts\/49534\/revisions"}],"wp:featuredmedia":[{"embeddable":true,"href":"https:\/\/noticiasveracruz.com\/index.php\/wp-json\/wp\/v2\/media\/49535"}],"wp:attachment":[{"href":"https:\/\/noticiasveracruz.com\/index.php\/wp-json\/wp\/v2\/media?parent=49534"}],"wp:term":[{"taxonomy":"category","embeddable":true,"href":"https:\/\/noticiasveracruz.com\/index.php\/wp-json\/wp\/v2\/categories?post=49534"},{"taxonomy":"post_tag","embeddable":true,"href":"https:\/\/noticiasveracruz.com\/index.php\/wp-json\/wp\/v2\/tags?post=49534"}],"curies":[{"name":"wp","href":"https:\/\/api.w.org\/{rel}","templated":true}]}}