{"id":49528,"date":"2025-02-04T20:59:06","date_gmt":"2025-02-05T02:59:06","guid":{"rendered":"https:\/\/noticiasveracruz.com\/?p=49528"},"modified":"2025-02-04T20:59:06","modified_gmt":"2025-02-05T02:59:06","slug":"continua-en-tuxpan-el-cobro-del-impuesto-predial-2025-y-anos-anteriores-en-horario-de-900-a-m-a-1400-p-m","status":"publish","type":"post","link":"https:\/\/noticiasveracruz.com\/index.php\/2025\/02\/04\/continua-en-tuxpan-el-cobro-del-impuesto-predial-2025-y-anos-anteriores-en-horario-de-900-a-m-a-1400-p-m\/","title":{"rendered":"Contin\u00faa en Tuxpan el cobro del Impuesto Predial 2025 y a\u00f1os anteriores, en horario de 9:00 a.m. a 14:00 p.m."},"content":{"rendered":"<p>Tuxpan, Ver., 04 de febrero de 2025.- El H. Ayuntamiento de Tuxpan, a trav\u00e9s de la Direcci\u00f3n de Ingresos informa a los contribuyentes que contin\u00faa el cobro del impuesto predial 2025.<\/p>\n<p>El horario de atenci\u00f3n en las ventanillas de cobro ubicadas en planta baja de presidencia municipal es de lunes a viernes, de 9:00 a 14:00 horas, para quienes pagan el a\u00f1o 2025 y a\u00f1os anteriores.<\/p>\n<p><img loading=\"lazy\" decoding=\"async\" class=\"alignnone size-medium wp-image-49532\" src=\"http:\/\/noticiasveracruz.com\/wp-content\/uploads\/2025\/02\/WhatsApp-Image-2025-02-04-at-20.12.59-300x300.jpeg\" alt=\"\" width=\"300\" height=\"300\" srcset=\"https:\/\/noticiasveracruz.com\/wp-content\/uploads\/2025\/02\/WhatsApp-Image-2025-02-04-at-20.12.59-300x300.jpeg 300w, https:\/\/noticiasveracruz.com\/wp-content\/uploads\/2025\/02\/WhatsApp-Image-2025-02-04-at-20.12.59-1024x1024.jpeg 1024w, https:\/\/noticiasveracruz.com\/wp-content\/uploads\/2025\/02\/WhatsApp-Image-2025-02-04-at-20.12.59-150x150.jpeg 150w, https:\/\/noticiasveracruz.com\/wp-content\/uploads\/2025\/02\/WhatsApp-Image-2025-02-04-at-20.12.59-768x768.jpeg 768w, https:\/\/noticiasveracruz.com\/wp-content\/uploads\/2025\/02\/WhatsApp-Image-2025-02-04-at-20.12.59-1536x1536.jpeg 1536w, https:\/\/noticiasveracruz.com\/wp-content\/uploads\/2025\/02\/WhatsApp-Image-2025-02-04-at-20.12.59.jpeg 1600w\" sizes=\"auto, (max-width: 300px) 100vw, 300px\" \/><\/p>\n<p>Se invita a la poblaci\u00f3n a realizar su pago a la brevedad y aprovechar el descuento del 20% por pronto pago para el p\u00fablico en general que est\u00e9 al corriente en sus pagos; mientras que las personas pensionadas, jubiladas y adultos de la tercera edad podr\u00e1n obtener un 50% de descuento.<\/p>\n<p>Los pensionados o jubilados deber\u00e1n acreditar ser propietarios del predio, presentar su credencial de pensionado o jubilado, comprobante de \u00faltimo pago de pensi\u00f3n recibido y \u00faltimo recibo de pago de impuesto predial, as\u00ed como credencial de elector con domicilio del predio, para acreditar su casa-habitaci\u00f3n.<\/p>\n<p><img loading=\"lazy\" decoding=\"async\" class=\"alignnone size-medium wp-image-49531\" src=\"http:\/\/noticiasveracruz.com\/wp-content\/uploads\/2025\/02\/WhatsApp-Image-2025-02-04-at-20.12.13-300x200.jpeg\" alt=\"\" width=\"300\" height=\"200\" srcset=\"https:\/\/noticiasveracruz.com\/wp-content\/uploads\/2025\/02\/WhatsApp-Image-2025-02-04-at-20.12.13-300x200.jpeg 300w, https:\/\/noticiasveracruz.com\/wp-content\/uploads\/2025\/02\/WhatsApp-Image-2025-02-04-at-20.12.13-1024x681.jpeg 1024w, https:\/\/noticiasveracruz.com\/wp-content\/uploads\/2025\/02\/WhatsApp-Image-2025-02-04-at-20.12.13-768x511.jpeg 768w, https:\/\/noticiasveracruz.com\/wp-content\/uploads\/2025\/02\/WhatsApp-Image-2025-02-04-at-20.12.13-1536x1021.jpeg 1536w, https:\/\/noticiasveracruz.com\/wp-content\/uploads\/2025\/02\/WhatsApp-Image-2025-02-04-at-20.12.13.jpeg 1600w\" sizes=\"auto, (max-width: 300px) 100vw, 300px\" \/><\/p>\n<p>Lo anterior aplica siempre y cuando el impuesto a pagar con el descuento no sea menor o igual al pago m\u00ednimo de 3.288 UMAS vigentes, establecido en los art\u00edculos 118, 121 y 122 del C\u00f3digo Hacendario Municipal para el Estado de Veracruz.<\/p>\n<p>Los adultos mayores de 60 a\u00f1os deber\u00e1n presentar copia de su credencial de elector vigente con domicilio del predio que habita y copia de la credencial del INAPAM. Este beneficio se aplicar\u00e1 \u00fanicamente para el predio que habite, adem\u00e1s de que el valor catastral no debe ser mayor a las 6,577.667 UMAS, lo que equivale a $744,197.24 pesos tope durante el mes de febrero.<\/p>\n<p><img loading=\"lazy\" decoding=\"async\" class=\"alignnone size-medium wp-image-49530\" src=\"http:\/\/noticiasveracruz.com\/wp-content\/uploads\/2025\/02\/WhatsApp-Image-2025-02-04-at-20.12.13-1-300x200.jpeg\" alt=\"\" width=\"300\" height=\"200\" srcset=\"https:\/\/noticiasveracruz.com\/wp-content\/uploads\/2025\/02\/WhatsApp-Image-2025-02-04-at-20.12.13-1-300x200.jpeg 300w, https:\/\/noticiasveracruz.com\/wp-content\/uploads\/2025\/02\/WhatsApp-Image-2025-02-04-at-20.12.13-1-1024x681.jpeg 1024w, https:\/\/noticiasveracruz.com\/wp-content\/uploads\/2025\/02\/WhatsApp-Image-2025-02-04-at-20.12.13-1-768x511.jpeg 768w, https:\/\/noticiasveracruz.com\/wp-content\/uploads\/2025\/02\/WhatsApp-Image-2025-02-04-at-20.12.13-1-1536x1021.jpeg 1536w, https:\/\/noticiasveracruz.com\/wp-content\/uploads\/2025\/02\/WhatsApp-Image-2025-02-04-at-20.12.13-1.jpeg 1600w\" sizes=\"auto, (max-width: 300px) 100vw, 300px\" \/><\/p>\n<p>De acuerdo con lo establecido en el art\u00edculo 116 del C\u00f3digo Hacendario Municipal para el Estado de Veracruz, la base del impuesto predial ser\u00e1 el valor catastral de terreno y construcciones que determine la Direcci\u00f3n de Catastro Municipal con fundamento en el art\u00edculo 38 de la Ley de Catastro.<\/p>\n","protected":false},"excerpt":{"rendered":"<p>Tuxpan, Ver., 04 de febrero de 2025.- El H. Ayuntamiento de Tuxpan, a trav\u00e9s de la Direcci\u00f3n de Ingresos informa<\/p>\n","protected":false},"author":4,"featured_media":49529,"comment_status":"closed","ping_status":"closed","sticky":false,"template":"","format":"standard","meta":{"colormag_page_container_layout":"default_layout","colormag_page_sidebar_layout":"default_layout","_jetpack_memberships_contains_paid_content":false,"footnotes":"","jetpack_publicize_message":"","jetpack_publicize_feature_enabled":true,"jetpack_social_post_already_shared":true,"jetpack_social_options":{"image_generator_settings":{"template":"highway","default_image_id":0,"font":"","enabled":false},"version":2}},"categories":[3372,356],"tags":[],"class_list":["post-49528","post","type-post","status-publish","format-standard","has-post-thumbnail","hentry","category-gobierno-tuxpan","category-veracruz"],"jetpack_publicize_connections":[],"jetpack_featured_media_url":"https:\/\/noticiasveracruz.com\/wp-content\/uploads\/2025\/02\/WhatsApp-Image-2025-02-04-at-20.12.12.jpeg","jetpack_sharing_enabled":true,"publishpress_future_action":{"enabled":false,"date":"2026-05-08 05:40:42","action":"change-status","newStatus":"draft","terms":[],"taxonomy":"category","extraData":[]},"publishpress_future_workflow_manual_trigger":{"enabledWorkflows":[]},"_links":{"self":[{"href":"https:\/\/noticiasveracruz.com\/index.php\/wp-json\/wp\/v2\/posts\/49528","targetHints":{"allow":["GET"]}}],"collection":[{"href":"https:\/\/noticiasveracruz.com\/index.php\/wp-json\/wp\/v2\/posts"}],"about":[{"href":"https:\/\/noticiasveracruz.com\/index.php\/wp-json\/wp\/v2\/types\/post"}],"author":[{"embeddable":true,"href":"https:\/\/noticiasveracruz.com\/index.php\/wp-json\/wp\/v2\/users\/4"}],"replies":[{"embeddable":true,"href":"https:\/\/noticiasveracruz.com\/index.php\/wp-json\/wp\/v2\/comments?post=49528"}],"version-history":[{"count":0,"href":"https:\/\/noticiasveracruz.com\/index.php\/wp-json\/wp\/v2\/posts\/49528\/revisions"}],"wp:featuredmedia":[{"embeddable":true,"href":"https:\/\/noticiasveracruz.com\/index.php\/wp-json\/wp\/v2\/media\/49529"}],"wp:attachment":[{"href":"https:\/\/noticiasveracruz.com\/index.php\/wp-json\/wp\/v2\/media?parent=49528"}],"wp:term":[{"taxonomy":"category","embeddable":true,"href":"https:\/\/noticiasveracruz.com\/index.php\/wp-json\/wp\/v2\/categories?post=49528"},{"taxonomy":"post_tag","embeddable":true,"href":"https:\/\/noticiasveracruz.com\/index.php\/wp-json\/wp\/v2\/tags?post=49528"}],"curies":[{"name":"wp","href":"https:\/\/api.w.org\/{rel}","templated":true}]}}