{"id":4943,"date":"2022-06-03T17:05:42","date_gmt":"2022-06-03T22:05:42","guid":{"rendered":"https:\/\/noticiasveracruz.com\/?p=4943"},"modified":"2022-06-03T17:08:16","modified_gmt":"2022-06-03T22:08:16","slug":"califica-presidente-de-corriente-y-vulgar-las-acusaciones-de-munoz-ledo","status":"publish","type":"post","link":"https:\/\/noticiasveracruz.com\/index.php\/2022\/06\/03\/califica-presidente-de-corriente-y-vulgar-las-acusaciones-de-munoz-ledo\/","title":{"rendered":"Presidente califica de corriente y vulgar las acusaciones de Porfirio Mu\u00f1oz Ledo"},"content":{"rendered":"<p>&nbsp;<\/p>\n<p class=\"p1\"><span style=\"font-size: 14pt;\"><em><strong>Ciudad de M\u00e9xico.<\/strong><\/em> El presidente <strong>Andr\u00e9s Manuel L\u00f3pez Obrador calific\u00f3 las acusaciones de Porfirio Mu\u00f1oz Ledo\u00a0como corriente, vulgar, sin fundamento y temeraria<\/strong>, t<strong>ras se\u00f1alar que el mandatario est\u00e1\u00a0vinculado con el narcotr\u00e1fico.<\/strong><\/span><\/p>\n<p class=\"p1\"><span style=\"font-size: 18pt;\"><strong>\u201cQuiero responder a un se\u00f1alamiento que est\u00e1n usando nuestros adversarios con mucha frecuencia, sobre todo en estos d\u00edas por las elecciones, queriendo confundir, enga\u00f1ar de que nosotros,\u00a0yo, tengo vinculaci\u00f3n con el narcotr\u00e1fico o con grupos de narcotraficantes\u201d<\/strong><\/span><\/p>\n<p class=\"p1\"><span style=\"font-size: 18pt;\"><strong>\u201cEs realmente muy corriente, muy vulgar,\u00a0todo esto, lo lamento porque por ejemplo el licenciado Mu\u00f1oz Ledo me conoce muy bien, y se atreve a sostener de que el Gobierno tiene v\u00ednculos con el narcotr\u00e1fico,\u00a0es un juicio sin fundamento, temerario\u00a0(\u2026), adem\u00e1s\u00a0sin ninguna prueba\u201d<\/strong><\/span><\/p>\n<blockquote>\n<p class=\"p1\"><span style=\"font-size: 14pt;\">Agreg\u00f3 que la declaraci\u00f3n de Porfirio Mu\u00f1oz Ledo\u00a0<span class=\"Apple-converted-space\">\u00a0 <\/span>\u201cEs un asunto de nostalgia, con todo respeto, de la edad,\u00a0por eso no puedo seguir una vez que se concluya mi periodo porque lo peor que puede pasar en pol\u00edtica es que uno haga el rid\u00edculo, y si uno tiene demasiado apego al poder, se encari\u00f1a con el poder puede cometer muchos errores\u201d<\/span><\/p>\n<\/blockquote>\n<p class=\"p1\"><span style=\"font-size: 14pt;\">Recordemos que Porfirio\u00a0Mu\u00f1oz Ledo, quien es fundador de Morena, y al participar en la reelecci\u00f3n de\u00a0Alejandro Moreno\u00a0al frente de la\u00a0Comisi\u00f3n Permanente de Partidos Pol\u00edticos de Am\u00e9rica Latina y el Caribe\u00a0(COPPPAL), se\u00f1al\u00f3 que el\u00a0\u201ccontubernio con el narco\u201d\u00a0del presidente\u00a0Andr\u00e9s Manuel L\u00f3pez Obrador\u00a0no es heredable, pues dijo que este tipo de organizaciones se\u00a0\u201centiende\u201d\u00a0con quien llega.<\/span><\/p>\n<p class=\"p1\"><span style=\"font-size: 18pt;\"><strong>El exdiputado federal sostuvo que hay una\u00a0intervenci\u00f3n\u00a0\u201cdespiadada\u201d\u00a0del narcotr\u00e1fico en las elecciones en M\u00e9xico.<\/strong><\/span><\/p>\n<p class=\"p1\"><span style=\"font-size: 14pt;\">Al respecto, Andr\u00e9s Manuel L\u00f3pez Obrador exigi\u00f3 que si hay pruebas de v\u00ednculos de su Gobierno con el delincuencia organizada, que las presenten ante el pueblo de M\u00e9xico.<\/span><\/p>\n<p class=\"p1\"><span style=\"font-size: 18pt;\"><strong>\u201cSi tienen pruebas que las presenten, que dejen de calumniar. Es muy lamentable, vulgar, bajo, pero tampoco crean que me preocupa mucho, en primer\u00edsimo lugar porque\u00a0estoy tranquilo con mi conciencia y porque es completamente falso, no establezco relaciones de complicidad con nadie, por eso puedo enfrentar a la mafia del poder, a los delincuentes dedicados a la violencia, a la delincuencia organizada y de cuello blanco\u201d.<\/strong><\/span><\/p>\n","protected":false},"excerpt":{"rendered":"<p>&nbsp; Ciudad de M\u00e9xico. El presidente Andr\u00e9s Manuel L\u00f3pez Obrador calific\u00f3 las acusaciones de Porfirio Mu\u00f1oz Ledo\u00a0como corriente, vulgar, sin<\/p>\n","protected":false},"author":4,"featured_media":4944,"comment_status":"closed","ping_status":"closed","sticky":false,"template":"","format":"standard","meta":{"colormag_page_container_layout":"default_layout","colormag_page_sidebar_layout":"default_layout","_jetpack_memberships_contains_paid_content":false,"footnotes":"","jetpack_publicize_message":"","jetpack_publicize_feature_enabled":true,"jetpack_social_post_already_shared":false,"jetpack_social_options":{"image_generator_settings":{"template":"highway","default_image_id":0,"font":"","enabled":false},"version":2}},"categories":[4],"tags":[65,84,415,845],"class_list":["post-4943","post","type-post","status-publish","format-standard","has-post-thumbnail","hentry","category-nacional","tag-andres-manuel-lopez-obrador","tag-morena","tag-narcotrafico","tag-porfirio-munoz-ledo"],"jetpack_publicize_connections":[],"jetpack_featured_media_url":"https:\/\/noticiasveracruz.com\/wp-content\/uploads\/2022\/06\/P-PRESIDENTE.png","jetpack_sharing_enabled":true,"publishpress_future_action":{"enabled":false,"date":"2026-05-06 22:21:44","action":"change-status","newStatus":"draft","terms":[],"taxonomy":"category","extraData":[]},"publishpress_future_workflow_manual_trigger":{"enabledWorkflows":[]},"_links":{"self":[{"href":"https:\/\/noticiasveracruz.com\/index.php\/wp-json\/wp\/v2\/posts\/4943","targetHints":{"allow":["GET"]}}],"collection":[{"href":"https:\/\/noticiasveracruz.com\/index.php\/wp-json\/wp\/v2\/posts"}],"about":[{"href":"https:\/\/noticiasveracruz.com\/index.php\/wp-json\/wp\/v2\/types\/post"}],"author":[{"embeddable":true,"href":"https:\/\/noticiasveracruz.com\/index.php\/wp-json\/wp\/v2\/users\/4"}],"replies":[{"embeddable":true,"href":"https:\/\/noticiasveracruz.com\/index.php\/wp-json\/wp\/v2\/comments?post=4943"}],"version-history":[{"count":0,"href":"https:\/\/noticiasveracruz.com\/index.php\/wp-json\/wp\/v2\/posts\/4943\/revisions"}],"wp:featuredmedia":[{"embeddable":true,"href":"https:\/\/noticiasveracruz.com\/index.php\/wp-json\/wp\/v2\/media\/4944"}],"wp:attachment":[{"href":"https:\/\/noticiasveracruz.com\/index.php\/wp-json\/wp\/v2\/media?parent=4943"}],"wp:term":[{"taxonomy":"category","embeddable":true,"href":"https:\/\/noticiasveracruz.com\/index.php\/wp-json\/wp\/v2\/categories?post=4943"},{"taxonomy":"post_tag","embeddable":true,"href":"https:\/\/noticiasveracruz.com\/index.php\/wp-json\/wp\/v2\/tags?post=4943"}],"curies":[{"name":"wp","href":"https:\/\/api.w.org\/{rel}","templated":true}]}}