{"id":49238,"date":"2025-01-30T08:22:57","date_gmt":"2025-01-30T14:22:57","guid":{"rendered":"https:\/\/noticiasveracruz.com\/?p=49238"},"modified":"2025-01-31T08:27:19","modified_gmt":"2025-01-31T14:27:19","slug":"jornada-multidisciplinaria-acerca-servicios-de-salud-y-otros-apoyos-a-las-familias-tuxpenas-de-manera-gratuita","status":"publish","type":"post","link":"https:\/\/noticiasveracruz.com\/index.php\/2025\/01\/30\/jornada-multidisciplinaria-acerca-servicios-de-salud-y-otros-apoyos-a-las-familias-tuxpenas-de-manera-gratuita\/","title":{"rendered":"Jornada Multidisciplinaria acerca servicios de salud y otros apoyos a las familias tuxpe\u00f1as, de manera gratuita"},"content":{"rendered":"<p>Tuxpan, Ver., 30 de enero de 2025.- Un nuevo curso dio inicio en las Jornadas Multidisciplinarias que lleva a cabo la s\u00edndica \u00fanica del gobierno municipal, Mtra. Beatriz Pi\u00f1a Vergara.<\/p>\n<p><img loading=\"lazy\" decoding=\"async\" class=\"alignnone size-medium wp-image-49248\" src=\"http:\/\/noticiasveracruz.com\/wp-content\/uploads\/2025\/01\/WhatsApp-Image-2025-01-30-at-16.17.18-300x225.jpeg\" alt=\"\" width=\"300\" height=\"225\" srcset=\"https:\/\/noticiasveracruz.com\/wp-content\/uploads\/2025\/01\/WhatsApp-Image-2025-01-30-at-16.17.18-300x225.jpeg 300w, https:\/\/noticiasveracruz.com\/wp-content\/uploads\/2025\/01\/WhatsApp-Image-2025-01-30-at-16.17.18-1024x768.jpeg 1024w, https:\/\/noticiasveracruz.com\/wp-content\/uploads\/2025\/01\/WhatsApp-Image-2025-01-30-at-16.17.18-768x576.jpeg 768w, https:\/\/noticiasveracruz.com\/wp-content\/uploads\/2025\/01\/WhatsApp-Image-2025-01-30-at-16.17.18.jpeg 1280w\" sizes=\"auto, (max-width: 300px) 100vw, 300px\" \/><\/p>\n<p>Se trata del taller para elaborar jabones artesanales que imparti\u00f3 Stylos Studio, mismo que se realizar\u00e1 tambi\u00e9n el pr\u00f3ximo jueves 6 de febrero.<\/p>\n<p><img loading=\"lazy\" decoding=\"async\" class=\"alignnone size-medium wp-image-49247\" src=\"http:\/\/noticiasveracruz.com\/wp-content\/uploads\/2025\/01\/WhatsApp-Image-2025-01-30-at-16.17.16-300x169.jpeg\" alt=\"\" width=\"300\" height=\"169\" srcset=\"https:\/\/noticiasveracruz.com\/wp-content\/uploads\/2025\/01\/WhatsApp-Image-2025-01-30-at-16.17.16-300x169.jpeg 300w, https:\/\/noticiasveracruz.com\/wp-content\/uploads\/2025\/01\/WhatsApp-Image-2025-01-30-at-16.17.16-1024x576.jpeg 1024w, https:\/\/noticiasveracruz.com\/wp-content\/uploads\/2025\/01\/WhatsApp-Image-2025-01-30-at-16.17.16-768x432.jpeg 768w, https:\/\/noticiasveracruz.com\/wp-content\/uploads\/2025\/01\/WhatsApp-Image-2025-01-30-at-16.17.16.jpeg 1500w\" sizes=\"auto, (max-width: 300px) 100vw, 300px\" \/><\/p>\n<p>Por otra parte, el taller de manualidades con list\u00f3n de la fundaci\u00f3n \u201cSin miedo a trabajar contigo\u201d sigue contando con enorme \u00e9xito entre la poblaci\u00f3n.<\/p>\n<p><img loading=\"lazy\" decoding=\"async\" class=\"alignnone size-medium wp-image-49246\" src=\"http:\/\/noticiasveracruz.com\/wp-content\/uploads\/2025\/01\/WhatsApp-Image-2025-01-30-at-16.17.13-300x169.jpeg\" alt=\"\" width=\"300\" height=\"169\" srcset=\"https:\/\/noticiasveracruz.com\/wp-content\/uploads\/2025\/01\/WhatsApp-Image-2025-01-30-at-16.17.13-300x169.jpeg 300w, https:\/\/noticiasveracruz.com\/wp-content\/uploads\/2025\/01\/WhatsApp-Image-2025-01-30-at-16.17.13-1024x576.jpeg 1024w, https:\/\/noticiasveracruz.com\/wp-content\/uploads\/2025\/01\/WhatsApp-Image-2025-01-30-at-16.17.13-768x432.jpeg 768w, https:\/\/noticiasveracruz.com\/wp-content\/uploads\/2025\/01\/WhatsApp-Image-2025-01-30-at-16.17.13.jpeg 1500w\" sizes=\"auto, (max-width: 300px) 100vw, 300px\" \/><\/p>\n<p>En materia de salud, los especialistas de Grupo \u00d3ptico del Totonacapan practicaron ex\u00e1menes de la vista de manera gratuita y ofrecieron anteojos graduados a bajo costo, a quien as\u00ed lo requiri\u00f3.<\/p>\n<p><img loading=\"lazy\" decoding=\"async\" class=\"alignnone size-medium wp-image-49245\" src=\"http:\/\/noticiasveracruz.com\/wp-content\/uploads\/2025\/01\/WhatsApp-Image-2025-01-30-at-16.17.11-300x212.jpeg\" alt=\"\" width=\"300\" height=\"212\" srcset=\"https:\/\/noticiasveracruz.com\/wp-content\/uploads\/2025\/01\/WhatsApp-Image-2025-01-30-at-16.17.11-300x212.jpeg 300w, https:\/\/noticiasveracruz.com\/wp-content\/uploads\/2025\/01\/WhatsApp-Image-2025-01-30-at-16.17.11-1024x722.jpeg 1024w, https:\/\/noticiasveracruz.com\/wp-content\/uploads\/2025\/01\/WhatsApp-Image-2025-01-30-at-16.17.11-768x541.jpeg 768w, https:\/\/noticiasveracruz.com\/wp-content\/uploads\/2025\/01\/WhatsApp-Image-2025-01-30-at-16.17.11-1536x1083.jpeg 1536w, https:\/\/noticiasveracruz.com\/wp-content\/uploads\/2025\/01\/WhatsApp-Image-2025-01-30-at-16.17.11.jpeg 1600w\" sizes=\"auto, (max-width: 300px) 100vw, 300px\" \/><\/p>\n<p>Durante la jornada, profesionales del Instituto de Belleza \u201cThe Queens\u201d realizaron cortes de cabello sin costo alguno.<\/p>\n<p><img loading=\"lazy\" decoding=\"async\" class=\"alignnone size-medium wp-image-49244\" src=\"http:\/\/noticiasveracruz.com\/wp-content\/uploads\/2025\/01\/WhatsApp-Image-2025-01-30-at-16.17.08-300x169.jpeg\" alt=\"\" width=\"300\" height=\"169\" srcset=\"https:\/\/noticiasveracruz.com\/wp-content\/uploads\/2025\/01\/WhatsApp-Image-2025-01-30-at-16.17.08-300x169.jpeg 300w, https:\/\/noticiasveracruz.com\/wp-content\/uploads\/2025\/01\/WhatsApp-Image-2025-01-30-at-16.17.08-1024x576.jpeg 1024w, https:\/\/noticiasveracruz.com\/wp-content\/uploads\/2025\/01\/WhatsApp-Image-2025-01-30-at-16.17.08-768x432.jpeg 768w, https:\/\/noticiasveracruz.com\/wp-content\/uploads\/2025\/01\/WhatsApp-Image-2025-01-30-at-16.17.08.jpeg 1500w\" sizes=\"auto, (max-width: 300px) 100vw, 300px\" \/><\/p>\n<p>La s\u00edndica Beatriz Pi\u00f1a destac\u00f3 la relevancia de estas jornadas que permiten incrementar los niveles de bienestar y calidad de vida.<\/p>\n<p><img loading=\"lazy\" decoding=\"async\" class=\"alignnone size-medium wp-image-49243\" src=\"http:\/\/noticiasveracruz.com\/wp-content\/uploads\/2025\/01\/WhatsApp-Image-2025-01-30-at-16.17.06-300x169.jpeg\" alt=\"\" width=\"300\" height=\"169\" srcset=\"https:\/\/noticiasveracruz.com\/wp-content\/uploads\/2025\/01\/WhatsApp-Image-2025-01-30-at-16.17.06-300x169.jpeg 300w, https:\/\/noticiasveracruz.com\/wp-content\/uploads\/2025\/01\/WhatsApp-Image-2025-01-30-at-16.17.06-1024x576.jpeg 1024w, https:\/\/noticiasveracruz.com\/wp-content\/uploads\/2025\/01\/WhatsApp-Image-2025-01-30-at-16.17.06-768x432.jpeg 768w, https:\/\/noticiasveracruz.com\/wp-content\/uploads\/2025\/01\/WhatsApp-Image-2025-01-30-at-16.17.06.jpeg 1500w\" sizes=\"auto, (max-width: 300px) 100vw, 300px\" \/><\/p>\n<p>Por ello invit\u00f3 a la poblaci\u00f3n para que todos los jueves acuda a la planta baja de presidencia municipal, de 10:00 a 14:00 horas y se beneficien con estos servicios.<\/p>\n<p><img loading=\"lazy\" decoding=\"async\" class=\"alignnone size-medium wp-image-49242\" src=\"http:\/\/noticiasveracruz.com\/wp-content\/uploads\/2025\/01\/WhatsApp-Image-2025-01-30-at-16.17.02-300x169.jpeg\" alt=\"\" width=\"300\" height=\"169\" srcset=\"https:\/\/noticiasveracruz.com\/wp-content\/uploads\/2025\/01\/WhatsApp-Image-2025-01-30-at-16.17.02-300x169.jpeg 300w, https:\/\/noticiasveracruz.com\/wp-content\/uploads\/2025\/01\/WhatsApp-Image-2025-01-30-at-16.17.02-1024x576.jpeg 1024w, https:\/\/noticiasveracruz.com\/wp-content\/uploads\/2025\/01\/WhatsApp-Image-2025-01-30-at-16.17.02-768x432.jpeg 768w, https:\/\/noticiasveracruz.com\/wp-content\/uploads\/2025\/01\/WhatsApp-Image-2025-01-30-at-16.17.02.jpeg 1500w\" sizes=\"auto, (max-width: 300px) 100vw, 300px\" \/> <img loading=\"lazy\" decoding=\"async\" class=\"alignnone size-medium wp-image-49241\" src=\"http:\/\/noticiasveracruz.com\/wp-content\/uploads\/2025\/01\/WhatsApp-Image-2025-01-30-at-16.16.59-300x191.jpeg\" alt=\"\" width=\"300\" height=\"191\" srcset=\"https:\/\/noticiasveracruz.com\/wp-content\/uploads\/2025\/01\/WhatsApp-Image-2025-01-30-at-16.16.59-300x191.jpeg 300w, https:\/\/noticiasveracruz.com\/wp-content\/uploads\/2025\/01\/WhatsApp-Image-2025-01-30-at-16.16.59-1024x653.jpeg 1024w, https:\/\/noticiasveracruz.com\/wp-content\/uploads\/2025\/01\/WhatsApp-Image-2025-01-30-at-16.16.59-768x490.jpeg 768w, https:\/\/noticiasveracruz.com\/wp-content\/uploads\/2025\/01\/WhatsApp-Image-2025-01-30-at-16.16.59.jpeg 1323w\" sizes=\"auto, (max-width: 300px) 100vw, 300px\" \/> <img loading=\"lazy\" decoding=\"async\" class=\"alignnone size-medium wp-image-49240\" src=\"http:\/\/noticiasveracruz.com\/wp-content\/uploads\/2025\/01\/WhatsApp-Image-2025-01-30-at-16.16.57-300x169.jpeg\" alt=\"\" width=\"300\" height=\"169\" srcset=\"https:\/\/noticiasveracruz.com\/wp-content\/uploads\/2025\/01\/WhatsApp-Image-2025-01-30-at-16.16.57-300x169.jpeg 300w, https:\/\/noticiasveracruz.com\/wp-content\/uploads\/2025\/01\/WhatsApp-Image-2025-01-30-at-16.16.57-1024x576.jpeg 1024w, https:\/\/noticiasveracruz.com\/wp-content\/uploads\/2025\/01\/WhatsApp-Image-2025-01-30-at-16.16.57-768x432.jpeg 768w, https:\/\/noticiasveracruz.com\/wp-content\/uploads\/2025\/01\/WhatsApp-Image-2025-01-30-at-16.16.57.jpeg 1500w\" sizes=\"auto, (max-width: 300px) 100vw, 300px\" \/> <img loading=\"lazy\" decoding=\"async\" class=\"alignnone size-medium wp-image-49239\" src=\"http:\/\/noticiasveracruz.com\/wp-content\/uploads\/2025\/01\/WhatsApp-Image-2025-01-30-at-16.16.53-300x200.jpeg\" alt=\"\" width=\"300\" height=\"200\" srcset=\"https:\/\/noticiasveracruz.com\/wp-content\/uploads\/2025\/01\/WhatsApp-Image-2025-01-30-at-16.16.53-300x200.jpeg 300w, https:\/\/noticiasveracruz.com\/wp-content\/uploads\/2025\/01\/WhatsApp-Image-2025-01-30-at-16.16.53-1024x682.jpeg 1024w, https:\/\/noticiasveracruz.com\/wp-content\/uploads\/2025\/01\/WhatsApp-Image-2025-01-30-at-16.16.53-768x512.jpeg 768w, https:\/\/noticiasveracruz.com\/wp-content\/uploads\/2025\/01\/WhatsApp-Image-2025-01-30-at-16.16.53-1536x1023.jpeg 1536w, https:\/\/noticiasveracruz.com\/wp-content\/uploads\/2025\/01\/WhatsApp-Image-2025-01-30-at-16.16.53.jpeg 1600w\" sizes=\"auto, (max-width: 300px) 100vw, 300px\" \/><\/p>\n","protected":false},"excerpt":{"rendered":"<p>Tuxpan, Ver., 30 de enero de 2025.- Un nuevo curso dio inicio en las Jornadas Multidisciplinarias que lleva a cabo<\/p>\n","protected":false},"author":4,"featured_media":49249,"comment_status":"closed","ping_status":"closed","sticky":false,"template":"","format":"standard","meta":{"colormag_page_container_layout":"default_layout","colormag_page_sidebar_layout":"default_layout","_jetpack_memberships_contains_paid_content":false,"footnotes":"","jetpack_publicize_message":"","jetpack_publicize_feature_enabled":true,"jetpack_social_post_already_shared":true,"jetpack_social_options":{"image_generator_settings":{"template":"highway","default_image_id":0,"font":"","enabled":false},"version":2}},"categories":[3372,356],"tags":[],"class_list":["post-49238","post","type-post","status-publish","format-standard","has-post-thumbnail","hentry","category-gobierno-tuxpan","category-veracruz"],"jetpack_publicize_connections":[],"jetpack_featured_media_url":"https:\/\/noticiasveracruz.com\/wp-content\/uploads\/2025\/01\/WhatsApp-Image-2025-01-30-at-16.17.19.jpeg","jetpack_sharing_enabled":true,"publishpress_future_action":{"enabled":false,"date":"2026-05-08 05:41:10","action":"change-status","newStatus":"draft","terms":[],"taxonomy":"category","extraData":[]},"publishpress_future_workflow_manual_trigger":{"enabledWorkflows":[]},"_links":{"self":[{"href":"https:\/\/noticiasveracruz.com\/index.php\/wp-json\/wp\/v2\/posts\/49238","targetHints":{"allow":["GET"]}}],"collection":[{"href":"https:\/\/noticiasveracruz.com\/index.php\/wp-json\/wp\/v2\/posts"}],"about":[{"href":"https:\/\/noticiasveracruz.com\/index.php\/wp-json\/wp\/v2\/types\/post"}],"author":[{"embeddable":true,"href":"https:\/\/noticiasveracruz.com\/index.php\/wp-json\/wp\/v2\/users\/4"}],"replies":[{"embeddable":true,"href":"https:\/\/noticiasveracruz.com\/index.php\/wp-json\/wp\/v2\/comments?post=49238"}],"version-history":[{"count":0,"href":"https:\/\/noticiasveracruz.com\/index.php\/wp-json\/wp\/v2\/posts\/49238\/revisions"}],"wp:featuredmedia":[{"embeddable":true,"href":"https:\/\/noticiasveracruz.com\/index.php\/wp-json\/wp\/v2\/media\/49249"}],"wp:attachment":[{"href":"https:\/\/noticiasveracruz.com\/index.php\/wp-json\/wp\/v2\/media?parent=49238"}],"wp:term":[{"taxonomy":"category","embeddable":true,"href":"https:\/\/noticiasveracruz.com\/index.php\/wp-json\/wp\/v2\/categories?post=49238"},{"taxonomy":"post_tag","embeddable":true,"href":"https:\/\/noticiasveracruz.com\/index.php\/wp-json\/wp\/v2\/tags?post=49238"}],"curies":[{"name":"wp","href":"https:\/\/api.w.org\/{rel}","templated":true}]}}