{"id":4922,"date":"2022-06-03T10:05:13","date_gmt":"2022-06-03T15:05:13","guid":{"rendered":"https:\/\/noticiasveracruz.com\/?p=4922"},"modified":"2022-06-03T11:53:49","modified_gmt":"2022-06-03T16:53:49","slug":"cordova-inhabilitado-legalmente-no-puede-ser-candidato-en-2024","status":"publish","type":"post","link":"https:\/\/noticiasveracruz.com\/index.php\/2022\/06\/03\/cordova-inhabilitado-legalmente-no-puede-ser-candidato-en-2024\/","title":{"rendered":"C\u00f3rdova inhabilitado legalmente, no puede ser candidato en 2024"},"content":{"rendered":"<p>&nbsp;<\/p>\n<p class=\"p2\"><span style=\"font-size: 14pt;\"><em><strong>Ciudad de M\u00e9xico.<\/strong><\/em>Se encuentra <strong>impedido legalmente <\/strong>el consejero presidente del Instituto Nacional Electoral (INE),<strong>Lorenzo C\u00f3rdova Vianello no podr\u00e1 contender por ning\u00fan cargo o candidatura en 2024.<\/strong><\/span><\/p>\n<p class=\"p2\"><span style=\"font-size: 14pt;\">As\u00ed lo dio a conocer en una entrevista para Milenio, Vianello record\u00f3 que adem\u00e1s de que \u00e9l no busca ser candidato a la presidencia de M\u00e9xico en las pr\u00f3ximas elecciones, legalmente est\u00e1 inhabilitado para hacerlo.<\/span><\/p>\n<p class=\"p1\"><strong><span style=\"font-size: 18pt;\">\u201cNo importa la tribuna desde la que se quiso construir esta falsa idea de que yo iba a contender y que yo estoy aqu\u00ed para cumplir objetivos pol\u00edticos. Hoy puedo decir con orgullo que mintieron\u201d, agreg\u00f3.<\/span><\/strong><\/p>\n<p class=\"p1\"><span style=\"font-size: 14pt;\">El consejero presidente del INE tambi\u00e9n asegur\u00f3 que actualmente realiza su trabajo con\u00a0convicci\u00f3n y conforme a los principios constitucionales, no por intereses e intenciones pol\u00edticas.<\/span><\/p>\n<p class=\"p1\"><span style=\"font-size: 18pt;\"><strong>\u201cHoy, quien dijo que yo estaba aspirando a un cargo, hoy queda revelado que minti\u00f3\u201d, a\u00f1adi\u00f3.<\/strong><\/span><\/p>\n<p>&nbsp;<\/p>\n<p><img loading=\"lazy\" decoding=\"async\" class=\"aligncenter wp-image-6097 size-large\" src=\"https:\/\/politicosaldesnudo.com.mx\/wp-content\/uploads\/2022\/06\/P-INE2-1024x573.png\" alt=\"\" width=\"800\" height=\"448\" \/><\/p>\n<p>&nbsp;<\/p>\n<p class=\"p2\"><span style=\"font-size: 18pt;\"><strong>REGRESA A LA UNAM<\/strong><\/span><\/p>\n<p class=\"p2\"><span style=\"font-size: 18pt;\"><strong>Hace una semana de visita en Saltillo y ante la insistencia de ser o no presidenciable, Lorenzo C\u00f3rdova dijo, \u201cTendr\u00eda que dejar mi cargo como Consejero dentro de 8 d\u00edas para ser elegible y no tengo ninguna intenci\u00f3n de separarme del Instituto, una vez que culmine el tiempo al frente del INE, regresar\u00e9 a la Universidad Aut\u00f3noma de M\u00e9xico en donde est\u00e1 mi cub\u00edculo para seguir en temas de pol\u00edtica, porque desde ah\u00ed tambi\u00e9n se puede hacer\u00bb.<\/strong><\/span><\/p>\n<p class=\"p2\"><span style=\"font-size: 18pt;\"><strong>El Presidente del INE reiter\u00f3 que continuar\u00e1 su carrera como acad\u00e9mico en la M\u00e1xima Casa de Estudios en M\u00e9xico, en la que actualmente tiene licencia para desempe\u00f1arse como Consejero y asegur\u00f3 que desde una oficina puede hacerse incluso una mejor pol\u00edtica.<\/strong><\/span><\/p>\n<p class=\"p2\"><span style=\"font-size: 14pt;\">Cabe se\u00f1alar que\u00a0Lorenzo C\u00f3rdova ha manifestado que la oposici\u00f3n se ha acercado a \u00e9l para ofrecerle la candidatura presidencial en las elecciones 2024, sin embargo, mantiene su postura de que continuar\u00e1 la responsabilidad de estar frente al\u00a0INE\u00a0hasta el pr\u00f3ximo 3 de abril del 2023.\u00a0<\/span><\/p>\n<blockquote>\n<p class=\"p2\"><span style=\"font-size: 14pt;\">Mi tarea es continuar con el ejercicio de autonom\u00eda e independencia frente a cualquier poder, frente al poder que pas\u00f3 y frente al poder actual, frente a los poderes que vendr\u00e1n, autonom\u00eda e independencia frente a cualquier partido pol\u00edtico; no tengo ninguna aspiraci\u00f3n pol\u00edtica y si despu\u00e9s del 2023 alguien me quiere buscar para hablar sobre el tema, podr\u00e1 hacerlo en el Instituto de Investigaciones Jur\u00eddicas de la UNAM\u00bb, expres\u00f3.\u00a0<\/span><\/p>\n<\/blockquote>\n<p>&nbsp;<\/p>\n<p>&nbsp;<\/p>\n<p>&nbsp;<\/p>\n","protected":false},"excerpt":{"rendered":"<p>&nbsp; Ciudad de M\u00e9xico.Se encuentra impedido legalmente el consejero presidente del Instituto Nacional Electoral (INE),Lorenzo C\u00f3rdova Vianello no podr\u00e1 contender<\/p>\n","protected":false},"author":4,"featured_media":4923,"comment_status":"closed","ping_status":"closed","sticky":false,"template":"","format":"standard","meta":{"colormag_page_container_layout":"default_layout","colormag_page_sidebar_layout":"default_layout","_jetpack_memberships_contains_paid_content":false,"footnotes":"","jetpack_publicize_message":"","jetpack_publicize_feature_enabled":true,"jetpack_social_post_already_shared":false,"jetpack_social_options":{"image_generator_settings":{"template":"highway","default_image_id":0,"font":"","enabled":false},"version":2}},"categories":[4],"tags":[],"class_list":["post-4922","post","type-post","status-publish","format-standard","has-post-thumbnail","hentry","category-nacional"],"jetpack_publicize_connections":[],"jetpack_featured_media_url":"https:\/\/noticiasveracruz.com\/wp-content\/uploads\/2022\/06\/P-INE1.png","jetpack_sharing_enabled":true,"publishpress_future_action":{"enabled":false,"date":"2026-05-07 02:21:42","action":"change-status","newStatus":"draft","terms":[],"taxonomy":"category","extraData":[]},"publishpress_future_workflow_manual_trigger":{"enabledWorkflows":[]},"_links":{"self":[{"href":"https:\/\/noticiasveracruz.com\/index.php\/wp-json\/wp\/v2\/posts\/4922","targetHints":{"allow":["GET"]}}],"collection":[{"href":"https:\/\/noticiasveracruz.com\/index.php\/wp-json\/wp\/v2\/posts"}],"about":[{"href":"https:\/\/noticiasveracruz.com\/index.php\/wp-json\/wp\/v2\/types\/post"}],"author":[{"embeddable":true,"href":"https:\/\/noticiasveracruz.com\/index.php\/wp-json\/wp\/v2\/users\/4"}],"replies":[{"embeddable":true,"href":"https:\/\/noticiasveracruz.com\/index.php\/wp-json\/wp\/v2\/comments?post=4922"}],"version-history":[{"count":0,"href":"https:\/\/noticiasveracruz.com\/index.php\/wp-json\/wp\/v2\/posts\/4922\/revisions"}],"wp:featuredmedia":[{"embeddable":true,"href":"https:\/\/noticiasveracruz.com\/index.php\/wp-json\/wp\/v2\/media\/4923"}],"wp:attachment":[{"href":"https:\/\/noticiasveracruz.com\/index.php\/wp-json\/wp\/v2\/media?parent=4922"}],"wp:term":[{"taxonomy":"category","embeddable":true,"href":"https:\/\/noticiasveracruz.com\/index.php\/wp-json\/wp\/v2\/categories?post=4922"},{"taxonomy":"post_tag","embeddable":true,"href":"https:\/\/noticiasveracruz.com\/index.php\/wp-json\/wp\/v2\/tags?post=4922"}],"curies":[{"name":"wp","href":"https:\/\/api.w.org\/{rel}","templated":true}]}}