{"id":49170,"date":"2025-01-31T00:02:27","date_gmt":"2025-01-31T06:02:27","guid":{"rendered":"https:\/\/noticiasveracruz.com\/?p=49170"},"modified":"2025-01-30T22:00:06","modified_gmt":"2025-01-31T04:00:06","slug":"no-al-nepotismo-en-elecciones-bautista","status":"publish","type":"post","link":"https:\/\/noticiasveracruz.com\/index.php\/2025\/01\/31\/no-al-nepotismo-en-elecciones-bautista\/","title":{"rendered":"No al \u201cnepotismo\u201d en elecciones: Bautista"},"content":{"rendered":"<p>De acuerdo al coordinador de la bancada de Morena en el Congreso de Veracruz, Esteban Bautista Hern\u00e1ndez, el comit\u00e9 estatal revisa los registros de aquellos familiares directos de funcionarios y diputados, para que no entren en la encuesta.<\/p>\n<p>En entrevista, advirti\u00f3 que en congruencia con lo dicho por la presidenta Claudia Sheinbaum Pardo, no se permitir\u00e1 el nepotismo en este proceso electoral.<\/p>\n<p>\u00abEl comit\u00e9 estatal del partido, ya lo est\u00e1 procesando y quienes registraron esposa e hijos que les quede claro que no van a salir\u00bb, asegur\u00f3 el diputado morenista.<\/p>\n<p>Y agreg\u00f3 que est\u00e1 de acuerdo con la jefa del Ejecutivo Federal en acabar con el nepotismo que por d\u00e9cadas se registra en el pa\u00eds.<\/p>\n<p>Asimismo, advirti\u00f3 a los actores pol\u00edticos de su partido que la ciudadan\u00eda se ha pronunciado en contra de la herencia de cargos.<\/p>\n<p>\u201cTodo mundo coincide de que no puede ser que una sola persona pretenda reelegirse, hay nuevos talentos, j\u00f3venes muy preparados, hay que abrirnos a los nuevos perfiles\u00bb.<\/p>\n","protected":false},"excerpt":{"rendered":"<p>De acuerdo al coordinador de la bancada de Morena en el Congreso de Veracruz, Esteban Bautista Hern\u00e1ndez, el comit\u00e9 estatal<\/p>\n","protected":false},"author":4,"featured_media":49171,"comment_status":"closed","ping_status":"closed","sticky":false,"template":"","format":"standard","meta":{"colormag_page_container_layout":"default_layout","colormag_page_sidebar_layout":"default_layout","_jetpack_memberships_contains_paid_content":false,"footnotes":"","jetpack_publicize_message":"","jetpack_publicize_feature_enabled":true,"jetpack_social_post_already_shared":true,"jetpack_social_options":{"image_generator_settings":{"template":"highway","default_image_id":0,"font":"","enabled":false},"version":2}},"categories":[356],"tags":[],"class_list":["post-49170","post","type-post","status-publish","format-standard","has-post-thumbnail","hentry","category-veracruz"],"jetpack_publicize_connections":[],"jetpack_featured_media_url":"https:\/\/noticiasveracruz.com\/wp-content\/uploads\/2025\/01\/10b-1.jpg","jetpack_sharing_enabled":true,"publishpress_future_action":{"enabled":false,"date":"2026-05-08 06:32:17","action":"change-status","newStatus":"draft","terms":[],"taxonomy":"category","extraData":[]},"publishpress_future_workflow_manual_trigger":{"enabledWorkflows":[]},"_links":{"self":[{"href":"https:\/\/noticiasveracruz.com\/index.php\/wp-json\/wp\/v2\/posts\/49170","targetHints":{"allow":["GET"]}}],"collection":[{"href":"https:\/\/noticiasveracruz.com\/index.php\/wp-json\/wp\/v2\/posts"}],"about":[{"href":"https:\/\/noticiasveracruz.com\/index.php\/wp-json\/wp\/v2\/types\/post"}],"author":[{"embeddable":true,"href":"https:\/\/noticiasveracruz.com\/index.php\/wp-json\/wp\/v2\/users\/4"}],"replies":[{"embeddable":true,"href":"https:\/\/noticiasveracruz.com\/index.php\/wp-json\/wp\/v2\/comments?post=49170"}],"version-history":[{"count":0,"href":"https:\/\/noticiasveracruz.com\/index.php\/wp-json\/wp\/v2\/posts\/49170\/revisions"}],"wp:featuredmedia":[{"embeddable":true,"href":"https:\/\/noticiasveracruz.com\/index.php\/wp-json\/wp\/v2\/media\/49171"}],"wp:attachment":[{"href":"https:\/\/noticiasveracruz.com\/index.php\/wp-json\/wp\/v2\/media?parent=49170"}],"wp:term":[{"taxonomy":"category","embeddable":true,"href":"https:\/\/noticiasveracruz.com\/index.php\/wp-json\/wp\/v2\/categories?post=49170"},{"taxonomy":"post_tag","embeddable":true,"href":"https:\/\/noticiasveracruz.com\/index.php\/wp-json\/wp\/v2\/tags?post=49170"}],"curies":[{"name":"wp","href":"https:\/\/api.w.org\/{rel}","templated":true}]}}