{"id":49159,"date":"2025-01-30T00:22:46","date_gmt":"2025-01-30T06:22:46","guid":{"rendered":"https:\/\/noticiasveracruz.com\/?p=49159"},"modified":"2025-01-30T00:03:14","modified_gmt":"2025-01-30T06:03:14","slug":"el-llamado-de-bautista-a-los-alcaldes","status":"publish","type":"post","link":"https:\/\/noticiasveracruz.com\/index.php\/2025\/01\/30\/el-llamado-de-bautista-a-los-alcaldes\/","title":{"rendered":"\u201cEl llamado\u201d de Bautista a los alcaldes"},"content":{"rendered":"<p><em>\u201cEl que ambiciona lo ajeno, pierde temprano lo propio.\u201d \u2013 Fedro.<\/em><\/p>\n<p><strong>\u00a0<\/strong><\/p>\n<p><strong>Vaya mensajito el que soterradamente mando el Profe Esteban Bautista Hern\u00e1ndez, Presidente de la Junta de Coordinaci\u00f3n Pol\u00edtica de la Sexag\u00e9sima S\u00e9ptima Legislatura Local, durante la durante la entrega de las Leyes de Ingresos aprobadas para el ejercicio fiscal 2025 de los municipios de Veracruz.<\/strong><\/p>\n<p><strong>Y es que aun cuando se conduce con un distinguido dote de caballero que ya lo comienza a caracterizar, les tendi\u00f3 la mano y estrech\u00f3 lazos con presidentas y presidentes municipales de la entidad durante su mensaje de bienvenida al mencionado evento, en instalaciones del Palacio legislativo ubicado en la ciudad capital.<\/strong><\/p>\n<p><img loading=\"lazy\" decoding=\"async\" class=\"alignnone size-medium wp-image-49163\" src=\"http:\/\/noticiasveracruz.com\/wp-content\/uploads\/2025\/01\/WhatsApp-Image-2025-01-29-at-2.28.35-PM-300x200.jpeg\" alt=\"\" width=\"300\" height=\"200\" srcset=\"https:\/\/noticiasveracruz.com\/wp-content\/uploads\/2025\/01\/WhatsApp-Image-2025-01-29-at-2.28.35-PM-300x200.jpeg 300w, https:\/\/noticiasveracruz.com\/wp-content\/uploads\/2025\/01\/WhatsApp-Image-2025-01-29-at-2.28.35-PM-1024x684.jpeg 1024w, https:\/\/noticiasveracruz.com\/wp-content\/uploads\/2025\/01\/WhatsApp-Image-2025-01-29-at-2.28.35-PM-768x513.jpeg 768w, https:\/\/noticiasveracruz.com\/wp-content\/uploads\/2025\/01\/WhatsApp-Image-2025-01-29-at-2.28.35-PM-1536x1025.jpeg 1536w, https:\/\/noticiasveracruz.com\/wp-content\/uploads\/2025\/01\/WhatsApp-Image-2025-01-29-at-2.28.35-PM.jpeg 1600w\" sizes=\"auto, (max-width: 300px) 100vw, 300px\" \/><\/p>\n<p><strong>Ah\u00ed durante el encuentro el diputado local dijo a las y los presidentes municipales, s\u00edndicos y tesoreros afirm\u00f3 que en la LXVII Legislatura todos cuentan con personas aliadas que siempre ver\u00e1n por el bien de Veracruz. <\/strong><\/p>\n<p><strong>Bautista Hern\u00e1ndez asegur\u00f3 que \u201cSi entre semana no pueden, los invito a venir a las audiencias ciudadanas los mi\u00e9rcoles. Aqu\u00ed tenemos una pol\u00edtica de puertas abiertas y siempre estaremos para escuchar todas las opiniones.\u201d<\/strong><\/p>\n<p><strong>Y no es para menos, su prolongado historial como luchador social le respalda o anteceden a sus palabras, pues conoce de sobra lo que una mente maquiav\u00e9lica y corrupta puede llegar a fabricar.<\/strong><\/p>\n<p><img loading=\"lazy\" decoding=\"async\" class=\"alignnone size-medium wp-image-49164\" src=\"http:\/\/noticiasveracruz.com\/wp-content\/uploads\/2025\/01\/WhatsApp-Image-2025-01-29-at-2.28.37-PM-300x200.jpeg\" alt=\"\" width=\"300\" height=\"200\" srcset=\"https:\/\/noticiasveracruz.com\/wp-content\/uploads\/2025\/01\/WhatsApp-Image-2025-01-29-at-2.28.37-PM-300x200.jpeg 300w, https:\/\/noticiasveracruz.com\/wp-content\/uploads\/2025\/01\/WhatsApp-Image-2025-01-29-at-2.28.37-PM-1024x684.jpeg 1024w, https:\/\/noticiasveracruz.com\/wp-content\/uploads\/2025\/01\/WhatsApp-Image-2025-01-29-at-2.28.37-PM-768x513.jpeg 768w, https:\/\/noticiasveracruz.com\/wp-content\/uploads\/2025\/01\/WhatsApp-Image-2025-01-29-at-2.28.37-PM-1536x1025.jpeg 1536w, https:\/\/noticiasveracruz.com\/wp-content\/uploads\/2025\/01\/WhatsApp-Image-2025-01-29-at-2.28.37-PM.jpeg 1600w\" sizes=\"auto, (max-width: 300px) 100vw, 300px\" \/><\/p>\n<p><strong>Fue ah\u00ed donde se prendieron los focos rojos, todos se cuestionaban si el comentario llevaba alguna jiribilla, o era escucha \u201cJuan\u201d para que te comprenda \u201cPedro\u201d.<\/strong><\/p>\n<p><strong>Queda claro que el llamado fue para que no vayan a salir con su domingo siete y al rato el \u00d3rgano de Fiscalizaci\u00f3n Superior (Orfis) los est\u00e9 se\u00f1alando en la lista de inhabilitados por esa proclividad que enfrentan algunos mun\u00edcipes para el tema del manejo del recurso p\u00fablico.<\/strong><\/p>\n<p><strong>Hoy, como el diputado Bautista Hern\u00e1ndez, abre puertas y llama a un frente com\u00fan entre Congreso y Autoridades Municipales, con la total certeza le puedo asegurar que la legalidad, transparencia, firmeza, y, sobre todo la \u201ccoherencia\u201d, ser\u00e1n punta de lanza en la fiscalizaci\u00f3n de sus municipios. <\/strong><\/p>\n<p><strong>Cierto es que no se le puede desear que le vaya mal al Profe, por el contrario, mientras le vaya bien a \u00e9l, toda la sociedad gana.<\/strong><\/p>\n<p><strong>Enhorabuena Profe Esteban, le auguramos mucho \u00e9xito en esta nueva etapa.<\/strong><\/p>\n<p><strong>\u00a0<\/strong><strong>Al tiempo.<\/strong><\/p>\n<p><img loading=\"lazy\" decoding=\"async\" class=\"alignnone wp-image-49157 size-full\" src=\"http:\/\/noticiasveracruz.com\/wp-content\/uploads\/2025\/01\/FIRMA-EDITORIAL-PD-7.jpg\" alt=\"\" width=\"1024\" height=\"125\" srcset=\"https:\/\/noticiasveracruz.com\/wp-content\/uploads\/2025\/01\/FIRMA-EDITORIAL-PD-7.jpg 1024w, https:\/\/noticiasveracruz.com\/wp-content\/uploads\/2025\/01\/FIRMA-EDITORIAL-PD-7-300x37.jpg 300w, https:\/\/noticiasveracruz.com\/wp-content\/uploads\/2025\/01\/FIRMA-EDITORIAL-PD-7-768x94.jpg 768w\" sizes=\"auto, (max-width: 1024px) 100vw, 1024px\" \/><\/p>\n","protected":false},"excerpt":{"rendered":"<p>\u201cEl que ambiciona lo ajeno, pierde temprano lo propio.\u201d \u2013 Fedro. \u00a0 Vaya mensajito el que soterradamente mando el Profe<\/p>\n","protected":false},"author":4,"featured_media":30989,"comment_status":"closed","ping_status":"closed","sticky":false,"template":"","format":"standard","meta":{"colormag_page_container_layout":"default_layout","colormag_page_sidebar_layout":"default_layout","_jetpack_memberships_contains_paid_content":false,"footnotes":"","jetpack_publicize_message":"","jetpack_publicize_feature_enabled":true,"jetpack_social_post_already_shared":true,"jetpack_social_options":{"image_generator_settings":{"template":"highway","default_image_id":0,"font":"","enabled":false},"version":2}},"categories":[6],"tags":[],"class_list":["post-49159","post","type-post","status-publish","format-standard","has-post-thumbnail","hentry","category-columnistas"],"jetpack_publicize_connections":[],"jetpack_featured_media_url":"https:\/\/noticiasveracruz.com\/wp-content\/uploads\/2024\/05\/LUIS-RAMIREZ-BAQUEIRO-800x445-1.png","jetpack_sharing_enabled":true,"publishpress_future_action":{"enabled":false,"date":"2026-05-08 06:32:10","action":"change-status","newStatus":"draft","terms":[],"taxonomy":"category","extraData":[]},"publishpress_future_workflow_manual_trigger":{"enabledWorkflows":[]},"_links":{"self":[{"href":"https:\/\/noticiasveracruz.com\/index.php\/wp-json\/wp\/v2\/posts\/49159","targetHints":{"allow":["GET"]}}],"collection":[{"href":"https:\/\/noticiasveracruz.com\/index.php\/wp-json\/wp\/v2\/posts"}],"about":[{"href":"https:\/\/noticiasveracruz.com\/index.php\/wp-json\/wp\/v2\/types\/post"}],"author":[{"embeddable":true,"href":"https:\/\/noticiasveracruz.com\/index.php\/wp-json\/wp\/v2\/users\/4"}],"replies":[{"embeddable":true,"href":"https:\/\/noticiasveracruz.com\/index.php\/wp-json\/wp\/v2\/comments?post=49159"}],"version-history":[{"count":0,"href":"https:\/\/noticiasveracruz.com\/index.php\/wp-json\/wp\/v2\/posts\/49159\/revisions"}],"wp:featuredmedia":[{"embeddable":true,"href":"https:\/\/noticiasveracruz.com\/index.php\/wp-json\/wp\/v2\/media\/30989"}],"wp:attachment":[{"href":"https:\/\/noticiasveracruz.com\/index.php\/wp-json\/wp\/v2\/media?parent=49159"}],"wp:term":[{"taxonomy":"category","embeddable":true,"href":"https:\/\/noticiasveracruz.com\/index.php\/wp-json\/wp\/v2\/categories?post=49159"},{"taxonomy":"post_tag","embeddable":true,"href":"https:\/\/noticiasveracruz.com\/index.php\/wp-json\/wp\/v2\/tags?post=49159"}],"curies":[{"name":"wp","href":"https:\/\/api.w.org\/{rel}","templated":true}]}}