{"id":49147,"date":"2025-01-30T00:18:46","date_gmt":"2025-01-30T06:18:46","guid":{"rendered":"https:\/\/noticiasveracruz.com\/?p=49147"},"modified":"2025-01-29T23:46:32","modified_gmt":"2025-01-30T05:46:32","slug":"rebeldes-apoyados-por-ruanda-avanzan-en-el-este-de-rd-congo","status":"publish","type":"post","link":"https:\/\/noticiasveracruz.com\/index.php\/2025\/01\/30\/rebeldes-apoyados-por-ruanda-avanzan-en-el-este-de-rd-congo\/","title":{"rendered":"Rebeldes apoyados por Ruanda avanzan en el este de RD Congo"},"content":{"rendered":"<p>Los rebeldes apoyados por Ruanda abrieron este mi\u00e9rcoles un nuevo frente en el este de Rep\u00fablica Democr\u00e1tica del Congo tras tomar la casi totalidad de Goma, la principal ciudad de esta zona rica en minerales usados por el sector tecnol\u00f3gico.<\/p>\n<p>El fulgurante avance del grupo armado M23 (Movimiento 23 de marzo) y de las tropas ruandesas provoc\u00f3 numerosos llamamientos de la comunidad internacional para que cesen los combates. Tanto la ONU como Estados Unidos, China y la Uni\u00f3n Europea han pedido a Ruanda que retire sus fuerzas de la regi\u00f3n.<\/p>\n<p>Los enfrentamientos entre soldados congole\u00f1os y rebeldes en Goma, una ciudad de m\u00e1s de un mill\u00f3n de habitantes, dejaron m\u00e1s de 100 muertos y cerca de mil heridos en los \u00faltimos tres d\u00edas, seg\u00fan un recuento de los hospitales, que est\u00e1n colapsados.<\/p>\n<p>Los rebeldes y los soldados ruandeses entraron en la localidad el domingo y se apoderaron desde entonces del aeropuerto y de la mayor parte del centro.<\/p>\n<p>Goma es la capital de la provincia de Kivu del Norte y se sit\u00faa a orillas del lago Kivu y de Ruanda.<\/p>\n<p>El M23, liderado por la etnia tutsi, realiz\u00f3 el mi\u00e9rcoles una nueva incursi\u00f3n en dos localidades de la provincia de Kivu del Sur, vecina de la del Norte, indicaron fuentes locales.<\/p>\n<p>\u00abNo hubo combates\u00bb, asegur\u00f3 un representante de la sociedad civil bajo condici\u00f3n de anonimato. Varios habitantes de las localidades tomadas confirmaron la llegada de los rebeldes. Ni el gobierno congol\u00e9s ni el gobierno de Kinshasa confirmaron de momento estos reportes.<\/p>\n<p>La Rep\u00fablica Democr\u00e1tica del Congo (RDC) acusa a Ruanda de querer saquear las numerosas riquezas naturales de la regi\u00f3n. Ruanda, que lo niega, denuncia la presencia en el lado congole\u00f1o de grupos que le son hostiles.<\/p>\n","protected":false},"excerpt":{"rendered":"<p>Los rebeldes apoyados por Ruanda abrieron este mi\u00e9rcoles un nuevo frente en el este de Rep\u00fablica Democr\u00e1tica del Congo tras<\/p>\n","protected":false},"author":4,"featured_media":49148,"comment_status":"closed","ping_status":"closed","sticky":false,"template":"","format":"standard","meta":{"colormag_page_container_layout":"default_layout","colormag_page_sidebar_layout":"default_layout","_jetpack_memberships_contains_paid_content":false,"footnotes":"","jetpack_publicize_message":"","jetpack_publicize_feature_enabled":true,"jetpack_social_post_already_shared":true,"jetpack_social_options":{"image_generator_settings":{"template":"highway","default_image_id":0,"font":"","enabled":false},"version":2}},"categories":[355],"tags":[],"class_list":["post-49147","post","type-post","status-publish","format-standard","has-post-thumbnail","hentry","category-internacional"],"jetpack_publicize_connections":[],"jetpack_featured_media_url":"https:\/\/noticiasveracruz.com\/wp-content\/uploads\/2025\/01\/758d6abd9afceeced61ea5f75d837b106465c8a8.jpg","jetpack_sharing_enabled":true,"publishpress_future_action":{"enabled":false,"date":"2026-05-08 10:38:52","action":"change-status","newStatus":"draft","terms":[],"taxonomy":"category","extraData":[]},"publishpress_future_workflow_manual_trigger":{"enabledWorkflows":[]},"_links":{"self":[{"href":"https:\/\/noticiasveracruz.com\/index.php\/wp-json\/wp\/v2\/posts\/49147","targetHints":{"allow":["GET"]}}],"collection":[{"href":"https:\/\/noticiasveracruz.com\/index.php\/wp-json\/wp\/v2\/posts"}],"about":[{"href":"https:\/\/noticiasveracruz.com\/index.php\/wp-json\/wp\/v2\/types\/post"}],"author":[{"embeddable":true,"href":"https:\/\/noticiasveracruz.com\/index.php\/wp-json\/wp\/v2\/users\/4"}],"replies":[{"embeddable":true,"href":"https:\/\/noticiasveracruz.com\/index.php\/wp-json\/wp\/v2\/comments?post=49147"}],"version-history":[{"count":0,"href":"https:\/\/noticiasveracruz.com\/index.php\/wp-json\/wp\/v2\/posts\/49147\/revisions"}],"wp:featuredmedia":[{"embeddable":true,"href":"https:\/\/noticiasveracruz.com\/index.php\/wp-json\/wp\/v2\/media\/49148"}],"wp:attachment":[{"href":"https:\/\/noticiasveracruz.com\/index.php\/wp-json\/wp\/v2\/media?parent=49147"}],"wp:term":[{"taxonomy":"category","embeddable":true,"href":"https:\/\/noticiasveracruz.com\/index.php\/wp-json\/wp\/v2\/categories?post=49147"},{"taxonomy":"post_tag","embeddable":true,"href":"https:\/\/noticiasveracruz.com\/index.php\/wp-json\/wp\/v2\/tags?post=49147"}],"curies":[{"name":"wp","href":"https:\/\/api.w.org\/{rel}","templated":true}]}}