{"id":49138,"date":"2025-01-30T00:15:12","date_gmt":"2025-01-30T06:15:12","guid":{"rendered":"https:\/\/noticiasveracruz.com\/?p=49138"},"modified":"2025-01-29T23:41:00","modified_gmt":"2025-01-30T05:41:00","slug":"lista-rehabilitacion-de-14-mil-habitaciones-tras-paso-de-otis-en-acapulco","status":"publish","type":"post","link":"https:\/\/noticiasveracruz.com\/index.php\/2025\/01\/30\/lista-rehabilitacion-de-14-mil-habitaciones-tras-paso-de-otis-en-acapulco\/","title":{"rendered":"Lista, rehabilitaci\u00f3n de 14 mil habitaciones tras paso de \u2018Otis\u2019 en Acapulco"},"content":{"rendered":"<div id=\"article-content-tts\" class=\"nota-contenido mb-5\">\n<div id=\"content_nitf\">\n<div class=\"adn ads\">\n<div class=\"gs\">\n<div class=\"\">\n<div class=\"ii gt\">\n<div class=\"a3s aiL \">\n<div dir=\"ltr\">\n<div class=\"gmail_default\">\n<p>El titular de la Secretar\u00eda de Turismo (Sectur) de Guerrero, Sim\u00f3n Qui\u00f1ones Orozco, se\u00f1al\u00f3 que para finales de febrero estar\u00e1n en operaci\u00f3n poco m\u00e1s de 14 mil habitaciones de hotel en Acapulco, justo al inicio del Abierto Mexicano Tenis (AMT), que arranca oficialmente el pr\u00f3ximo 24 de febrero en la zona Diamante del puerto, las cuales representan casi 8 mil m\u00e1s que las que se encontraban disponibles el a\u00f1o pasado.<\/p>\n<p>Durante la presentaci\u00f3n del Abierto en Acapulco, que en esta ocasi\u00f3n celebrar\u00e1 el 25 aniversario de disputarse en el puerto, Qui\u00f1ones Orozco subray\u00f3 que una de las estrategias del gobierno estatal es impulsar el turismo deportivo.<\/p>\n<p>Como parte de la promoci\u00f3n del AMT, para esta edici\u00f3n regresar\u00e1 la cancha flotante de tenis, para que jugadores internacionales disputen un partido de exhibici\u00f3n en la bah\u00eda de Acapulco, como ocurri\u00f3 el 24 de febrero de 2014, cuando la canadiense Eugenie Bouchard y el b\u00falgaro Grigor Dimitrov jugaron para las c\u00e1maras durante 15 minutos.<\/p>\n<p>El funcionario estatal resalt\u00f3 la recuperaci\u00f3n en la entidad con ocupaciones importantes desde noviembre y al cierre de la temporada invernal.<\/p>\n<p>Mencion\u00f3 que \u00abno solamente es en Acapulco, es en todo el estado de Guerrero, con una ocupaci\u00f3n superior a 70 por ciento los fines de semana durante enero\u00bb.<\/p>\n<p>El secretario de Turismo estatal resalt\u00f3 que actualmente hay 265 hoteles activos en Acapulco con 13 mil 195 habitaciones operativas disponibles, y para el AMT se tendr\u00e1n mil 440 m\u00e1s, para llegar a 14 mil 635 habitaciones a la fecha del torneo. Lo cual, manifest\u00f3 Qui\u00f1ones Orozco, \u00abrefleja crecimiento y tendencia positiva\u00bb.<\/p>\n<p>Al iniciar la edici\u00f3n del AMT 2024, en Acapulco se ten\u00edan 6 mil 535 cuartos de hotel, y despu\u00e9s del hurac\u00e1n Otis, que devast\u00f3 Acapulco el 25 de octubre de 2023, hab\u00eda 4 mil 534 habitaciones en hospeder\u00edas, seg\u00fan cifras de Sectur estatal.<\/p>\n<p>\u00abFue como magia reconstruir las instalaciones para poder realizar el torneo de tenis\u00bb, expres\u00f3 el director de Mundo Imperial, Seyed Rezvani, durante la presentaci\u00f3n del Abierto Mexicano de Tenis (AMT) 2025 en Acapulco, quien resalt\u00f3 la recuperaci\u00f3n del complejo hotelero y deportivo tras el paso del hurac\u00e1n\u00a0<em>Otis,<\/em>\u00a0primero, y despu\u00e9s los estragos ocasionados por el hurac\u00e1n John, que provoc\u00f3 lluvias torrenciales del 23 al 27 de septiembre pasado.<\/p>\n<p>\u00abTuvimos inundaciones desde un metro y medio hasta dos metros y medio\u00bb, relat\u00f3 el ejecutivo, quien mencion\u00f3 que la Arena GNP estar\u00e1 lista para recibir el certamen.<\/p>\n<p>En conferencia de prensa en el sal\u00f3n de los Atlantes, Seyed Rezvani reflexion\u00f3 que\u00a0<em>\u00abJohn<\/em>\u00a0otra vez puso en duda la capacidad de todos. Pensamos, si pudimos hacerlo con\u00a0<em>Otis<\/em>\u00a0lo podemos hacer con\u00a0<em>John<\/em>\u00a0otra vez, y a los 15 d\u00edas ten\u00edamos eventos programados\u00bb.<\/p>\n<p>Record\u00f3 que el a\u00f1o pasado, el grupo de Mundo Imperial ten\u00eda disponibles mil 300 habitaciones en venta, y habr\u00e1 mil 780 para este a\u00f1o.<\/p>\n<p>Adelant\u00f3 que el edificio m\u00e1s emblem\u00e1tico del hotel Princess ser\u00e1 reinaugurado durante la celebraci\u00f3n del Abierto.<\/p>\n<p>En tanto, el director operativo del AMT, Geofreyy Fern\u00e1ndez, indic\u00f3 que se espera alcanzar los 75 mil aficionados durante la semana del torneo, del 24 de febrero al primero de marzo pr\u00f3ximos. En 2023 se tuvo una asistencia de 89 mil personas durante la semana del torneo, para 2024, el AMT despu\u00e9s del hurac\u00e1n\u00a0<em>Otis,<\/em>\u00a0fueron 56 mil aficionados.<\/p>\n<p>Puntualiz\u00f3 que para esta edici\u00f3n, el corte del torneo fue en el puesto 57 del ranking de la Asociaci\u00f3n de Tenistas Profesionales, lo que representa el corte m\u00e1s alto en la historia del certamen, por lo que se pueden anticipar partidos explosivos, con un promedio de edad de 25 a\u00f1os de los jugadores.<\/p>\n<p>Se\u00f1al\u00f3 que \u00abel tenis se juega distinto, con un saque potente y remates agresivos. No habr\u00e1 partidos f\u00e1ciles\u00bb.<\/p>\n<p>El director del AMT, \u00c1lvaro Falla, enfatiz\u00f3 que m\u00e1s que un torneo, el Abierto Mexicano es un festival de tenis.<\/p>\n<\/div>\n<\/div>\n<\/div>\n<\/div>\n<\/div>\n<\/div>\n<\/div>\n<\/div>\n<\/div>\n<div class=\"notas-relacionadas\"><\/div>\n<div class=\"nota-tags\"><\/div>\n","protected":false},"excerpt":{"rendered":"<p>El titular de la Secretar\u00eda de Turismo (Sectur) de Guerrero, Sim\u00f3n Qui\u00f1ones Orozco, se\u00f1al\u00f3 que para finales de febrero estar\u00e1n<\/p>\n","protected":false},"author":4,"featured_media":49139,"comment_status":"closed","ping_status":"closed","sticky":false,"template":"","format":"standard","meta":{"colormag_page_container_layout":"default_layout","colormag_page_sidebar_layout":"default_layout","_jetpack_memberships_contains_paid_content":false,"footnotes":"","jetpack_publicize_message":"","jetpack_publicize_feature_enabled":true,"jetpack_social_post_already_shared":true,"jetpack_social_options":{"image_generator_settings":{"template":"highway","default_image_id":0,"font":"","enabled":false},"version":2}},"categories":[145],"tags":[],"class_list":["post-49138","post","type-post","status-publish","format-standard","has-post-thumbnail","hentry","category-estados"],"jetpack_publicize_connections":[],"jetpack_featured_media_url":"https:\/\/noticiasveracruz.com\/wp-content\/uploads\/2025\/01\/otis-hasta-dos-anios-tardara-la-recuperacion-de-acapulco-104648.jpg","jetpack_sharing_enabled":true,"publishpress_future_action":{"enabled":false,"date":"2026-05-08 12:28:55","action":"change-status","newStatus":"draft","terms":[],"taxonomy":"category","extraData":[]},"publishpress_future_workflow_manual_trigger":{"enabledWorkflows":[]},"_links":{"self":[{"href":"https:\/\/noticiasveracruz.com\/index.php\/wp-json\/wp\/v2\/posts\/49138","targetHints":{"allow":["GET"]}}],"collection":[{"href":"https:\/\/noticiasveracruz.com\/index.php\/wp-json\/wp\/v2\/posts"}],"about":[{"href":"https:\/\/noticiasveracruz.com\/index.php\/wp-json\/wp\/v2\/types\/post"}],"author":[{"embeddable":true,"href":"https:\/\/noticiasveracruz.com\/index.php\/wp-json\/wp\/v2\/users\/4"}],"replies":[{"embeddable":true,"href":"https:\/\/noticiasveracruz.com\/index.php\/wp-json\/wp\/v2\/comments?post=49138"}],"version-history":[{"count":0,"href":"https:\/\/noticiasveracruz.com\/index.php\/wp-json\/wp\/v2\/posts\/49138\/revisions"}],"wp:featuredmedia":[{"embeddable":true,"href":"https:\/\/noticiasveracruz.com\/index.php\/wp-json\/wp\/v2\/media\/49139"}],"wp:attachment":[{"href":"https:\/\/noticiasveracruz.com\/index.php\/wp-json\/wp\/v2\/media?parent=49138"}],"wp:term":[{"taxonomy":"category","embeddable":true,"href":"https:\/\/noticiasveracruz.com\/index.php\/wp-json\/wp\/v2\/categories?post=49138"},{"taxonomy":"post_tag","embeddable":true,"href":"https:\/\/noticiasveracruz.com\/index.php\/wp-json\/wp\/v2\/tags?post=49138"}],"curies":[{"name":"wp","href":"https:\/\/api.w.org\/{rel}","templated":true}]}}