{"id":49135,"date":"2025-01-30T00:14:15","date_gmt":"2025-01-30T06:14:15","guid":{"rendered":"https:\/\/noticiasveracruz.com\/?p=49135"},"modified":"2025-01-29T23:39:19","modified_gmt":"2025-01-30T05:39:19","slug":"dan-banderazo-a-brigadas-medicas-para-deportados-en-jalisco","status":"publish","type":"post","link":"https:\/\/noticiasveracruz.com\/index.php\/2025\/01\/30\/dan-banderazo-a-brigadas-medicas-para-deportados-en-jalisco\/","title":{"rendered":"Dan banderazo a brigadas m\u00e9dicas para deportados en Jalisco"},"content":{"rendered":"<p>Durante el banderazo de inicio para las brigadas m\u00e9dicas que acudir\u00e1n a colonias marginadas de Zapopan, los servicios municipales de ese ayuntamiento anunciaron que se ofrecer\u00e1 atenci\u00f3n gratuita en caso de ser necesario a las personas deportadas de Estados Unidos, como ocurri\u00f3 en 2018, cuando caravanas de migrantes que iban hacia ese pa\u00eds pasaron por el municipio jalisciense.<\/p>\n<p>\u201cDesde hace a\u00f1os el municipio tiene la postura de dar apoyo a las personas en condici\u00f3n migrante. Hubo mesas de trabajo con la Direcci\u00f3n de Derechos Humanos (y) est\u00e1 previsto en nuestro manual de descuentos y condonaciones que las personas en condici\u00f3n migrante puedan recibir apoyo y atenci\u00f3n m\u00e9dica\u201d, dijo Miguel Ricardo Ochoa Plascencia, director de Servicios de Salud Zapopan.<\/p>\n<p>El funcionario record\u00f3 que Zapopan tuvo brigadas para atenci\u00f3n m\u00e9dica y prehospitalaria en el auditorio Benito Ju\u00e1rez hace seis a\u00f1os, durante una oleada de migrantes, la mayor\u00eda hondure\u00f1os y venezolanos, que se dirig\u00edan a la frontera norte de M\u00e9xico.<\/p>\n<p>\u201cSomos una instituci\u00f3n abierta a la poblaci\u00f3n y una vez que damos la atenci\u00f3n revisamos cu\u00e1l es la condici\u00f3n. Las personas en condici\u00f3n migrante pueden sentirse seguras de que recibir\u00e1n apoyo y atenci\u00f3n profesional si lo necesitan, sin importar si pueden pagar\u201d, agreg\u00f3.<\/p>\n<p>El personal m\u00e9dico municipal que sale a las calles en brigadeo llevar\u00e1 servicios como medicina general, traumatolog\u00eda y ortopedia, ginecolog\u00eda, salud, ni\u00f1ez, medicina interna, nutrici\u00f3n, podolog\u00eda, odontolog\u00eda y vacunas.<\/p>\n","protected":false},"excerpt":{"rendered":"<p>Durante el banderazo de inicio para las brigadas m\u00e9dicas que acudir\u00e1n a colonias marginadas de Zapopan, los servicios municipales de<\/p>\n","protected":false},"author":4,"featured_media":49136,"comment_status":"closed","ping_status":"closed","sticky":false,"template":"","format":"standard","meta":{"colormag_page_container_layout":"default_layout","colormag_page_sidebar_layout":"default_layout","_jetpack_memberships_contains_paid_content":false,"footnotes":"","jetpack_publicize_message":"","jetpack_publicize_feature_enabled":true,"jetpack_social_post_already_shared":true,"jetpack_social_options":{"image_generator_settings":{"template":"highway","default_image_id":0,"font":"","enabled":false},"version":2}},"categories":[145],"tags":[],"class_list":["post-49135","post","type-post","status-publish","format-standard","has-post-thumbnail","hentry","category-estados"],"jetpack_publicize_connections":[],"jetpack_featured_media_url":"https:\/\/noticiasveracruz.com\/wp-content\/uploads\/2025\/01\/AA1xG6R7.jpg","jetpack_sharing_enabled":true,"publishpress_future_action":{"enabled":false,"date":"2026-05-08 13:27:07","action":"change-status","newStatus":"draft","terms":[],"taxonomy":"category","extraData":[]},"publishpress_future_workflow_manual_trigger":{"enabledWorkflows":[]},"_links":{"self":[{"href":"https:\/\/noticiasveracruz.com\/index.php\/wp-json\/wp\/v2\/posts\/49135","targetHints":{"allow":["GET"]}}],"collection":[{"href":"https:\/\/noticiasveracruz.com\/index.php\/wp-json\/wp\/v2\/posts"}],"about":[{"href":"https:\/\/noticiasveracruz.com\/index.php\/wp-json\/wp\/v2\/types\/post"}],"author":[{"embeddable":true,"href":"https:\/\/noticiasveracruz.com\/index.php\/wp-json\/wp\/v2\/users\/4"}],"replies":[{"embeddable":true,"href":"https:\/\/noticiasveracruz.com\/index.php\/wp-json\/wp\/v2\/comments?post=49135"}],"version-history":[{"count":0,"href":"https:\/\/noticiasveracruz.com\/index.php\/wp-json\/wp\/v2\/posts\/49135\/revisions"}],"wp:featuredmedia":[{"embeddable":true,"href":"https:\/\/noticiasveracruz.com\/index.php\/wp-json\/wp\/v2\/media\/49136"}],"wp:attachment":[{"href":"https:\/\/noticiasveracruz.com\/index.php\/wp-json\/wp\/v2\/media?parent=49135"}],"wp:term":[{"taxonomy":"category","embeddable":true,"href":"https:\/\/noticiasveracruz.com\/index.php\/wp-json\/wp\/v2\/categories?post=49135"},{"taxonomy":"post_tag","embeddable":true,"href":"https:\/\/noticiasveracruz.com\/index.php\/wp-json\/wp\/v2\/tags?post=49135"}],"curies":[{"name":"wp","href":"https:\/\/api.w.org\/{rel}","templated":true}]}}