{"id":49132,"date":"2025-01-30T00:13:28","date_gmt":"2025-01-30T06:13:28","guid":{"rendered":"https:\/\/noticiasveracruz.com\/?p=49132"},"modified":"2025-01-29T23:37:14","modified_gmt":"2025-01-30T05:37:14","slug":"trabajan-morelos-y-cnpc-para-reducir-riesgos-latentes-en-la-poblacion","status":"publish","type":"post","link":"https:\/\/noticiasveracruz.com\/index.php\/2025\/01\/30\/trabajan-morelos-y-cnpc-para-reducir-riesgos-latentes-en-la-poblacion\/","title":{"rendered":"Trabajan Morelos y CNPC para reducir riesgos latentes en la poblaci\u00f3n"},"content":{"rendered":"<p>Incendios forestales sobre todo el parque nacional El Tepozteco, inundaciones, deslizamientos de laderas, e incluso hasta el volc\u00e1n Popocat\u00e9petl, son algunos de los riesgos latentes detectados en Morelos de acuerdo a un diagn\u00f3stico elaborado por Protecci\u00f3n Civil, confirm\u00f3 la Coordinadora de PC Nacional, Laura Vel\u00e1zquez Alz\u00faa.<\/p>\n<p>\u201cSaben que estamos muy pendientes del estado de Morelos, al igual que toda nuestra Rep\u00fablica Mexicana, pero aqu\u00ed en particular tenemos relevantes: en materia de incendios forestales, tambi\u00e9n en la temporada de lluvias tenemos aqu\u00ed algunas inundaciones, deslizamiento de laderas, e incluso de nuestro volc\u00e1n\u201d, asegur\u00f3 la funcionaria estatal en una entrevista colectiva que ofreci\u00f3 al t\u00e9rmino de la sesi\u00f3n del Consejo Estatal de Protecci\u00f3n Civil.<\/p>\n<p>Cada uno de los mencionados riesgos, asegur\u00f3 la coordinadora Vel\u00e1zquez, se han abordado con la gobernadora, Margarita Gonz\u00e1lez, y con el \u00e1rea de Protecci\u00f3n Civil, \u201ccon la idea de tener acciones preventivas, ya las tenemos y las hacemos de manera constante, e involucramos a la poblaci\u00f3n que eso es lo que m\u00e1s nos interesa, identificar los riesgos y saber c\u00f3mo actuar. \u201cVamos a trabajar y redoblar esfuerzos en el estado de Morelos, est\u00e1 por iniciar la temporada de incendios forestales, y de manera conjunta traemos un mensaje de la presidenta de M\u00e9xico: de que estamos muy pendiente del Tepozteco y de toda la zona del bosque de Morelos para que en cualquier emergencia acudir inmediatamente con el refuerzo federal al que estamos acostumbrados\u201d, recalc\u00f3 Vel\u00e1zquez.<\/p>\n<p>La primera sesi\u00f3n ordinaria del Consejo Estatal de Protecci\u00f3n Civil 2025 se celebr\u00f3 en \u201cLos Belenes\u201d de la Universidad Aut\u00f3noma del Estado de Morelos, ubicado en la capital del estado. En esta participaron todas y todos los integrantes del gabinete del gobierno del estado y los presidentes municipales de los 36 municipios.<\/p>\n","protected":false},"excerpt":{"rendered":"<p>Incendios forestales sobre todo el parque nacional El Tepozteco, inundaciones, deslizamientos de laderas, e incluso hasta el volc\u00e1n Popocat\u00e9petl, son<\/p>\n","protected":false},"author":4,"featured_media":49133,"comment_status":"closed","ping_status":"closed","sticky":false,"template":"","format":"standard","meta":{"colormag_page_container_layout":"default_layout","colormag_page_sidebar_layout":"default_layout","_jetpack_memberships_contains_paid_content":false,"footnotes":"","jetpack_publicize_message":"","jetpack_publicize_feature_enabled":true,"jetpack_social_post_already_shared":true,"jetpack_social_options":{"image_generator_settings":{"template":"highway","default_image_id":0,"font":"","enabled":false},"version":2}},"categories":[145],"tags":[],"class_list":["post-49132","post","type-post","status-publish","format-standard","has-post-thumbnail","hentry","category-estados"],"jetpack_publicize_connections":[],"jetpack_featured_media_url":"https:\/\/noticiasveracruz.com\/wp-content\/uploads\/2025\/01\/ADNPOL.jpg","jetpack_sharing_enabled":true,"publishpress_future_action":{"enabled":false,"date":"2026-05-10 02:30:54","action":"change-status","newStatus":"draft","terms":[],"taxonomy":"category","extraData":[]},"publishpress_future_workflow_manual_trigger":{"enabledWorkflows":[]},"_links":{"self":[{"href":"https:\/\/noticiasveracruz.com\/index.php\/wp-json\/wp\/v2\/posts\/49132","targetHints":{"allow":["GET"]}}],"collection":[{"href":"https:\/\/noticiasveracruz.com\/index.php\/wp-json\/wp\/v2\/posts"}],"about":[{"href":"https:\/\/noticiasveracruz.com\/index.php\/wp-json\/wp\/v2\/types\/post"}],"author":[{"embeddable":true,"href":"https:\/\/noticiasveracruz.com\/index.php\/wp-json\/wp\/v2\/users\/4"}],"replies":[{"embeddable":true,"href":"https:\/\/noticiasveracruz.com\/index.php\/wp-json\/wp\/v2\/comments?post=49132"}],"version-history":[{"count":0,"href":"https:\/\/noticiasveracruz.com\/index.php\/wp-json\/wp\/v2\/posts\/49132\/revisions"}],"wp:featuredmedia":[{"embeddable":true,"href":"https:\/\/noticiasveracruz.com\/index.php\/wp-json\/wp\/v2\/media\/49133"}],"wp:attachment":[{"href":"https:\/\/noticiasveracruz.com\/index.php\/wp-json\/wp\/v2\/media?parent=49132"}],"wp:term":[{"taxonomy":"category","embeddable":true,"href":"https:\/\/noticiasveracruz.com\/index.php\/wp-json\/wp\/v2\/categories?post=49132"},{"taxonomy":"post_tag","embeddable":true,"href":"https:\/\/noticiasveracruz.com\/index.php\/wp-json\/wp\/v2\/tags?post=49132"}],"curies":[{"name":"wp","href":"https:\/\/api.w.org\/{rel}","templated":true}]}}