{"id":49126,"date":"2025-01-30T00:11:12","date_gmt":"2025-01-30T06:11:12","guid":{"rendered":"https:\/\/noticiasveracruz.com\/?p=49126"},"modified":"2025-01-29T23:30:04","modified_gmt":"2025-01-30T05:30:04","slug":"puertas-abiertas-para-que-mexicanos-deportados-encuentren-empleo-antad","status":"publish","type":"post","link":"https:\/\/noticiasveracruz.com\/index.php\/2025\/01\/30\/puertas-abiertas-para-que-mexicanos-deportados-encuentren-empleo-antad\/","title":{"rendered":"Puertas abiertas para que mexicanos deportados encuentren empleo: Antad"},"content":{"rendered":"<p>Las tiendas departamentales y de autoservicio afirman tener las puertas abiertas para que los connacionales que sean deportados desde Estados Unidos encuentren trabajo en su regreso a M\u00e9xico, afirm\u00f3 Diego Cos\u00edo, presidente de la Asociaci\u00f3n Nacional de Tiendas de Autoservicio y Departamentales (Antad).<\/p>\n<p>De acuerdo con el organismo, cuatro de cada 10 mexicanos que son deportados encuentran empleo en el sector de las ventas a detalle, motivo por el cual, junto con el sector empresarial, se trabaja desde ahora en una estrategia en conjunto con el gobierno para integrar a la econom\u00eda a las personas que regresen al pa\u00eds.<\/p>\n<p>\u201cM\u00e1s del 40 por ciento de nuestras y nuestros compatriotas que hoy trabajan, vamos a llamar como migrantes en Estados Unidos, que potencialmente pueden regresar a M\u00e9xico, trabajan en el sector de\u00a0<em>retail<\/em>, de hospitalidad, restaurantes y servicios\u2026 As\u00ed que s\u00ed (las puertas est\u00e1n abiertas)\u201d, dijo Cos\u00edo en conferencia de prensa este mi\u00e9rcoles.<\/p>\n<p>Al iniciar su segundo mandato como presidente de Estados Unidos la semana pasada, Trump dio inicio a una serie de deportaciones masivas, pues asegura que los migrantes sin papeles para trabajar en el pa\u00eds vecino son la causa de la mayor\u00eda de los problemas que aquejan la uni\u00f3n americana, como lo es el crimen o las drogas.<\/p>\n<p>Ayer, como parte de una soluci\u00f3n a las deportaciones masivas, el Consejo Coordinador Empresarial (CCE) dio a conocer que el sector privado tiene 50 mil empleos disponibles para los mexicanos que se vean afectados por la nueva pol\u00edtica migratoria estadunidense, un hecho que fue respaldado por el gobierno de nuestro pa\u00eds.<\/p>\n<p>En este sentido, Cos\u00edo de la Antad refiri\u00f3 que los connacionales que vuelvan \u201cvan a traer un beneficio de experiencia\u2026 Hay ciertos estados (de M\u00e9xico) en los que hay oportunidades con el crecimiento de las tiendas de nuestros asociados\u201d.<\/p>\n<p>&nbsp;<\/p>\n","protected":false},"excerpt":{"rendered":"<p>Las tiendas departamentales y de autoservicio afirman tener las puertas abiertas para que los connacionales que sean deportados desde Estados<\/p>\n","protected":false},"author":4,"featured_media":49127,"comment_status":"closed","ping_status":"closed","sticky":false,"template":"","format":"standard","meta":{"colormag_page_container_layout":"default_layout","colormag_page_sidebar_layout":"default_layout","_jetpack_memberships_contains_paid_content":false,"footnotes":"","jetpack_publicize_message":"","jetpack_publicize_feature_enabled":true,"jetpack_social_post_already_shared":true,"jetpack_social_options":{"image_generator_settings":{"template":"highway","default_image_id":0,"font":"","enabled":false},"version":2}},"categories":[1947],"tags":[],"class_list":["post-49126","post","type-post","status-publish","format-standard","has-post-thumbnail","hentry","category-economia"],"jetpack_publicize_connections":[],"jetpack_featured_media_url":"https:\/\/noticiasveracruz.com\/wp-content\/uploads\/2025\/01\/EB.jpg","jetpack_sharing_enabled":true,"publishpress_future_action":{"enabled":false,"date":"2026-05-10 04:18:32","action":"change-status","newStatus":"draft","terms":[],"taxonomy":"category","extraData":[]},"publishpress_future_workflow_manual_trigger":{"enabledWorkflows":[]},"_links":{"self":[{"href":"https:\/\/noticiasveracruz.com\/index.php\/wp-json\/wp\/v2\/posts\/49126","targetHints":{"allow":["GET"]}}],"collection":[{"href":"https:\/\/noticiasveracruz.com\/index.php\/wp-json\/wp\/v2\/posts"}],"about":[{"href":"https:\/\/noticiasveracruz.com\/index.php\/wp-json\/wp\/v2\/types\/post"}],"author":[{"embeddable":true,"href":"https:\/\/noticiasveracruz.com\/index.php\/wp-json\/wp\/v2\/users\/4"}],"replies":[{"embeddable":true,"href":"https:\/\/noticiasveracruz.com\/index.php\/wp-json\/wp\/v2\/comments?post=49126"}],"version-history":[{"count":0,"href":"https:\/\/noticiasveracruz.com\/index.php\/wp-json\/wp\/v2\/posts\/49126\/revisions"}],"wp:featuredmedia":[{"embeddable":true,"href":"https:\/\/noticiasveracruz.com\/index.php\/wp-json\/wp\/v2\/media\/49127"}],"wp:attachment":[{"href":"https:\/\/noticiasveracruz.com\/index.php\/wp-json\/wp\/v2\/media?parent=49126"}],"wp:term":[{"taxonomy":"category","embeddable":true,"href":"https:\/\/noticiasveracruz.com\/index.php\/wp-json\/wp\/v2\/categories?post=49126"},{"taxonomy":"post_tag","embeddable":true,"href":"https:\/\/noticiasveracruz.com\/index.php\/wp-json\/wp\/v2\/tags?post=49126"}],"curies":[{"name":"wp","href":"https:\/\/api.w.org\/{rel}","templated":true}]}}