{"id":49105,"date":"2025-01-30T00:04:38","date_gmt":"2025-01-30T06:04:38","guid":{"rendered":"https:\/\/noticiasveracruz.com\/?p=49105"},"modified":"2025-01-29T22:59:49","modified_gmt":"2025-01-30T04:59:49","slug":"morena-y-verde-concretan-alianza","status":"publish","type":"post","link":"https:\/\/noticiasveracruz.com\/index.php\/2025\/01\/30\/morena-y-verde-concretan-alianza\/","title":{"rendered":"Morena y Verde concretan alianza"},"content":{"rendered":"<p>Sin la presencia de los representantes del Partido del Trabajo (PT), el Movimiento de Regeneraci\u00f3n Nacional (Morena) y el Partido Verde Ecologista de M\u00e9xico (PVEM) concretaron la alianza \u201cSigamos haciendo historia\u201d en el estado de Veracruz, para este proceso electoral 2024-2025, cuyas votaciones ser\u00e1n el pr\u00f3ximo 1 de junio.<\/p>\n<p>El convenio de coalici\u00f3n fue avalado por ambos partidos pol\u00edticos en el Organismo P\u00fablico Local Electoral (OPLE), en la ciudad de Xalapa, este mi\u00e9rcoles 29 de enero. En la alianza tambi\u00e9n est\u00e1 contemplado el Partido del Trabajo.<\/p>\n<p>Sin embargo, los representantes del PT emitieron un comunicado para dar a conocer que no acudir\u00edan al evento oficial, debido a que contin\u00faan las negociaciones para la distribuci\u00f3n de las candidaturas en los 212 municipios veracruzanos, ya que el pr\u00f3ximo 2 de febrero es la fecha l\u00edmite para que se concrete la coalici\u00f3n.<\/p>\n<p>Al OPLE Veracruz acudieron los dirigentes de Morena y del PVEM, Esteban Ram\u00edrez Zepeta y \u00c9dgar Herrera Lendechy, as\u00ed como la secretaria general del Comit\u00e9 Ejecutivo Nacional (CEN) de Morena, Carolina Rangel Gracida.<\/p>\n<p>A la presentaci\u00f3n del convenio de coalici\u00f3n tambi\u00e9n asistieron funcionarios municipales y estatales, as\u00ed como legisladores locales. En su discurso, los dirigentes partidistas agradecieron el respaldo que otorgan a ambas fuerzas pol\u00edticas.<\/p>\n<p>En entrevista previa al evento, el dirigente de Morena en Veracruz, Esteban Ram\u00edrez Zepeta, indic\u00f3 que la coalici\u00f3n no estar\u00eda en riesgo mientras no se cumpla el plazo que es el pr\u00f3ximo domingo 2 de febrero.<\/p>\n<p>\u00abMientras no se cumpla la fecha l\u00edmite todo sigue igual\u00bb, respondi\u00f3 a su llegada a la sede del Organismo P\u00fablico Local Electoral del Estado de Veracruz, ubicado sobre la calle Benito Ju\u00e1rez, a un par de cuadras de Palacio de Gobierno.<\/p>\n<p>Dijo que le corresponder\u00e1 a los del PT resolverlo, pues los tiempos se acortan. Evit\u00f3 opinar m\u00e1s del tema, bajo el argumento de que s\u00f3lo tiene conocimiento de lo que el instituto pol\u00edtico dio a conocer mediante un comunicado de prensa.<\/p>\n","protected":false},"excerpt":{"rendered":"<p>Sin la presencia de los representantes del Partido del Trabajo (PT), el Movimiento de Regeneraci\u00f3n Nacional (Morena) y el Partido<\/p>\n","protected":false},"author":4,"featured_media":49106,"comment_status":"closed","ping_status":"closed","sticky":false,"template":"","format":"standard","meta":{"colormag_page_container_layout":"default_layout","colormag_page_sidebar_layout":"default_layout","_jetpack_memberships_contains_paid_content":false,"footnotes":"","jetpack_publicize_message":"","jetpack_publicize_feature_enabled":true,"jetpack_social_post_already_shared":true,"jetpack_social_options":{"image_generator_settings":{"template":"highway","default_image_id":0,"font":"","enabled":false},"version":2}},"categories":[356],"tags":[],"class_list":["post-49105","post","type-post","status-publish","format-standard","has-post-thumbnail","hentry","category-veracruz"],"jetpack_publicize_connections":[],"jetpack_featured_media_url":"https:\/\/noticiasveracruz.com\/wp-content\/uploads\/2025\/01\/10b-scaled.jpg","jetpack_sharing_enabled":true,"publishpress_future_action":{"enabled":false,"date":"2026-05-10 06:06:59","action":"change-status","newStatus":"draft","terms":[],"taxonomy":"category","extraData":[]},"publishpress_future_workflow_manual_trigger":{"enabledWorkflows":[]},"_links":{"self":[{"href":"https:\/\/noticiasveracruz.com\/index.php\/wp-json\/wp\/v2\/posts\/49105","targetHints":{"allow":["GET"]}}],"collection":[{"href":"https:\/\/noticiasveracruz.com\/index.php\/wp-json\/wp\/v2\/posts"}],"about":[{"href":"https:\/\/noticiasveracruz.com\/index.php\/wp-json\/wp\/v2\/types\/post"}],"author":[{"embeddable":true,"href":"https:\/\/noticiasveracruz.com\/index.php\/wp-json\/wp\/v2\/users\/4"}],"replies":[{"embeddable":true,"href":"https:\/\/noticiasveracruz.com\/index.php\/wp-json\/wp\/v2\/comments?post=49105"}],"version-history":[{"count":0,"href":"https:\/\/noticiasveracruz.com\/index.php\/wp-json\/wp\/v2\/posts\/49105\/revisions"}],"wp:featuredmedia":[{"embeddable":true,"href":"https:\/\/noticiasveracruz.com\/index.php\/wp-json\/wp\/v2\/media\/49106"}],"wp:attachment":[{"href":"https:\/\/noticiasveracruz.com\/index.php\/wp-json\/wp\/v2\/media?parent=49105"}],"wp:term":[{"taxonomy":"category","embeddable":true,"href":"https:\/\/noticiasveracruz.com\/index.php\/wp-json\/wp\/v2\/categories?post=49105"},{"taxonomy":"post_tag","embeddable":true,"href":"https:\/\/noticiasveracruz.com\/index.php\/wp-json\/wp\/v2\/tags?post=49105"}],"curies":[{"name":"wp","href":"https:\/\/api.w.org\/{rel}","templated":true}]}}