{"id":49102,"date":"2025-01-30T00:03:17","date_gmt":"2025-01-30T06:03:17","guid":{"rendered":"https:\/\/noticiasveracruz.com\/?p=49102"},"modified":"2025-01-29T22:58:17","modified_gmt":"2025-01-30T04:58:17","slug":"gobierno-fuera-del-proceso-electoral","status":"publish","type":"post","link":"https:\/\/noticiasveracruz.com\/index.php\/2025\/01\/30\/gobierno-fuera-del-proceso-electoral\/","title":{"rendered":"Gobierno, fuera del proceso electoral"},"content":{"rendered":"<p>El director de Pol\u00edtica Regional de la Secretar\u00eda de Gobierno (SEGOB), Adolfo Toss Capistr\u00e1n asegur\u00f3 que la administraci\u00f3n estatal de Roc\u00edo Nahle Garc\u00eda no intervendr\u00e1 en el proceso electoral local vigente.<\/p>\n<p>En entrevista, previo al Cuarto Foro Gobierno y Seguridad para la creaci\u00f3n del Plan Estatal de Desarrollo 2024-2030, el funcionario estatal indic\u00f3 que se encuentran pendientes de mantener la gobernabilidad en la entidad, ante las elecciones municipales.<\/p>\n<p>\u201cComo gobierno no habremos de intervenir en los absolutos, porque esa es la instrucci\u00f3n de la Gobernadora y del secretario de Gobierno (Ricardo Ahued Bardahuil), s\u00ed estaremos de que haya estabilidad, de que no haya problemas, efectivamente al ser una autoridad cercana a la poblaci\u00f3n siempre trae aparejada mucha participaci\u00f3n\u201d, reconoci\u00f3.<\/p>\n<p>Toss Capistr\u00e1n dijo que tambi\u00e9n las elecciones municipales traen encono de la ciudadan\u00eda con relaci\u00f3n a los diferentes grupos a los que se pertenece, pero estar\u00e1n vigilantes de la situaci\u00f3n, pero no participantes.<\/p>\n","protected":false},"excerpt":{"rendered":"<p>El director de Pol\u00edtica Regional de la Secretar\u00eda de Gobierno (SEGOB), Adolfo Toss Capistr\u00e1n asegur\u00f3 que la administraci\u00f3n estatal de<\/p>\n","protected":false},"author":4,"featured_media":49103,"comment_status":"closed","ping_status":"closed","sticky":false,"template":"","format":"standard","meta":{"colormag_page_container_layout":"default_layout","colormag_page_sidebar_layout":"default_layout","_jetpack_memberships_contains_paid_content":false,"footnotes":"","jetpack_publicize_message":"","jetpack_publicize_feature_enabled":true,"jetpack_social_post_already_shared":true,"jetpack_social_options":{"image_generator_settings":{"template":"highway","default_image_id":0,"font":"","enabled":false},"version":2}},"categories":[356],"tags":[],"class_list":["post-49102","post","type-post","status-publish","format-standard","has-post-thumbnail","hentry","category-veracruz"],"jetpack_publicize_connections":[],"jetpack_featured_media_url":"https:\/\/noticiasveracruz.com\/wp-content\/uploads\/2025\/01\/10a1-1.jpg","jetpack_sharing_enabled":true,"publishpress_future_action":{"enabled":false,"date":"2026-05-10 05:09:27","action":"change-status","newStatus":"draft","terms":[],"taxonomy":"category","extraData":[]},"publishpress_future_workflow_manual_trigger":{"enabledWorkflows":[]},"_links":{"self":[{"href":"https:\/\/noticiasveracruz.com\/index.php\/wp-json\/wp\/v2\/posts\/49102","targetHints":{"allow":["GET"]}}],"collection":[{"href":"https:\/\/noticiasveracruz.com\/index.php\/wp-json\/wp\/v2\/posts"}],"about":[{"href":"https:\/\/noticiasveracruz.com\/index.php\/wp-json\/wp\/v2\/types\/post"}],"author":[{"embeddable":true,"href":"https:\/\/noticiasveracruz.com\/index.php\/wp-json\/wp\/v2\/users\/4"}],"replies":[{"embeddable":true,"href":"https:\/\/noticiasveracruz.com\/index.php\/wp-json\/wp\/v2\/comments?post=49102"}],"version-history":[{"count":0,"href":"https:\/\/noticiasveracruz.com\/index.php\/wp-json\/wp\/v2\/posts\/49102\/revisions"}],"wp:featuredmedia":[{"embeddable":true,"href":"https:\/\/noticiasveracruz.com\/index.php\/wp-json\/wp\/v2\/media\/49103"}],"wp:attachment":[{"href":"https:\/\/noticiasveracruz.com\/index.php\/wp-json\/wp\/v2\/media?parent=49102"}],"wp:term":[{"taxonomy":"category","embeddable":true,"href":"https:\/\/noticiasveracruz.com\/index.php\/wp-json\/wp\/v2\/categories?post=49102"},{"taxonomy":"post_tag","embeddable":true,"href":"https:\/\/noticiasveracruz.com\/index.php\/wp-json\/wp\/v2\/tags?post=49102"}],"curies":[{"name":"wp","href":"https:\/\/api.w.org\/{rel}","templated":true}]}}