{"id":49099,"date":"2025-01-30T00:02:44","date_gmt":"2025-01-30T06:02:44","guid":{"rendered":"https:\/\/noticiasveracruz.com\/?p=49099"},"modified":"2025-01-29T22:56:29","modified_gmt":"2025-01-30T04:56:29","slug":"abrigando-corazones-llega-a-4-municipios-mas","status":"publish","type":"post","link":"https:\/\/noticiasveracruz.com\/index.php\/2025\/01\/30\/abrigando-corazones-llega-a-4-municipios-mas\/","title":{"rendered":"Abrigando Corazones llega a 4 municipios m\u00e1s"},"content":{"rendered":"<p>La Caravana Abrigando Corazones del Gobierno de Veracruz lleg\u00f3 a su cuarta jornada brindando apoyo a las familias que enfrentan las bajas temperaturas en 28 localidades de la zona monta\u00f1osa central.<\/p>\n<p>Como parte del Programa Veracruzano de 100 d\u00edas, habitantes de Chiconquiaco, Miahuatl\u00e1n, Tonay\u00e1n y Yecuatla recibieron insumos, cobertores, alimentos calientes, libros y materiales educativos para quienes m\u00e1s lo necesitan.<\/p>\n<p>Gracias a la coordinaci\u00f3n entre las secretar\u00edas de Protecci\u00f3n Civil, Desarrollo Social, Salud, Seguridad P\u00fablica y Gobierno, as\u00ed como el Sistema Estatal para el Desarrollo Integral de la Familia, los ayuntamientos y, por parte de la Federaci\u00f3n, la Secretar\u00eda de la Defensa Nacional, se garantiza una atenci\u00f3n integral y oportuna.<\/p>\n<p>La Caravana Abrigando Corazones, inici\u00f3 en el municipio de Las Vigas y ha recorrido las zonas m\u00e1s vulnerables como Huayacocotla, Tlaquilpan, Zongolica y Zacualpan. Su trayecto continuar\u00e1 hasta el mes de febrero.<\/p>\n","protected":false},"excerpt":{"rendered":"<p>La Caravana Abrigando Corazones del Gobierno de Veracruz lleg\u00f3 a su cuarta jornada brindando apoyo a las familias que enfrentan<\/p>\n","protected":false},"author":4,"featured_media":49100,"comment_status":"closed","ping_status":"closed","sticky":false,"template":"","format":"standard","meta":{"colormag_page_container_layout":"default_layout","colormag_page_sidebar_layout":"default_layout","_jetpack_memberships_contains_paid_content":false,"footnotes":"","jetpack_publicize_message":"","jetpack_publicize_feature_enabled":true,"jetpack_social_post_already_shared":true,"jetpack_social_options":{"image_generator_settings":{"template":"highway","default_image_id":0,"font":"","enabled":false},"version":2}},"categories":[356],"tags":[],"class_list":["post-49099","post","type-post","status-publish","format-standard","has-post-thumbnail","hentry","category-veracruz"],"jetpack_publicize_connections":[],"jetpack_featured_media_url":"https:\/\/noticiasveracruz.com\/wp-content\/uploads\/2025\/01\/9c-8.jpg","jetpack_sharing_enabled":true,"publishpress_future_action":{"enabled":false,"date":"2026-05-10 04:09:53","action":"change-status","newStatus":"draft","terms":[],"taxonomy":"category","extraData":[]},"publishpress_future_workflow_manual_trigger":{"enabledWorkflows":[]},"_links":{"self":[{"href":"https:\/\/noticiasveracruz.com\/index.php\/wp-json\/wp\/v2\/posts\/49099","targetHints":{"allow":["GET"]}}],"collection":[{"href":"https:\/\/noticiasveracruz.com\/index.php\/wp-json\/wp\/v2\/posts"}],"about":[{"href":"https:\/\/noticiasveracruz.com\/index.php\/wp-json\/wp\/v2\/types\/post"}],"author":[{"embeddable":true,"href":"https:\/\/noticiasveracruz.com\/index.php\/wp-json\/wp\/v2\/users\/4"}],"replies":[{"embeddable":true,"href":"https:\/\/noticiasveracruz.com\/index.php\/wp-json\/wp\/v2\/comments?post=49099"}],"version-history":[{"count":0,"href":"https:\/\/noticiasveracruz.com\/index.php\/wp-json\/wp\/v2\/posts\/49099\/revisions"}],"wp:featuredmedia":[{"embeddable":true,"href":"https:\/\/noticiasveracruz.com\/index.php\/wp-json\/wp\/v2\/media\/49100"}],"wp:attachment":[{"href":"https:\/\/noticiasveracruz.com\/index.php\/wp-json\/wp\/v2\/media?parent=49099"}],"wp:term":[{"taxonomy":"category","embeddable":true,"href":"https:\/\/noticiasveracruz.com\/index.php\/wp-json\/wp\/v2\/categories?post=49099"},{"taxonomy":"post_tag","embeddable":true,"href":"https:\/\/noticiasveracruz.com\/index.php\/wp-json\/wp\/v2\/tags?post=49099"}],"curies":[{"name":"wp","href":"https:\/\/api.w.org\/{rel}","templated":true}]}}