{"id":49096,"date":"2025-01-30T00:01:38","date_gmt":"2025-01-30T06:01:38","guid":{"rendered":"https:\/\/noticiasveracruz.com\/?p=49096"},"modified":"2025-01-29T22:55:24","modified_gmt":"2025-01-30T04:55:24","slug":"veracruz-define-estrategia-de-seguridad-2025-2030","status":"publish","type":"post","link":"https:\/\/noticiasveracruz.com\/index.php\/2025\/01\/30\/veracruz-define-estrategia-de-seguridad-2025-2030\/","title":{"rendered":"Veracruz define estrategia de seguridad 2025-2030"},"content":{"rendered":"<p>La seguridad y la gobernabilidad son pilares fundamentales para la inversi\u00f3n, el crecimiento econ\u00f3mico y la calidad de vida de la poblaci\u00f3n, bajo esta premisa, tuvo lugar el cuarto Foro Regional de Participaci\u00f3n Ciudadana para la elaboraci\u00f3n del Plan Veracruzano de Desarrollo 2025-2030.<\/p>\n<p>En representaci\u00f3n de la gobernadora Roc\u00edo Nahle Garc\u00eda y del titular de la Secretar\u00eda de Seguridad P\u00fablica, Alfonso Reyes Garc\u00e9s, el subsecretario de la dependencia, Rafael Mart\u00ednez Cisneros, destac\u00f3 que garantizar el bienestar y la paz es una prioridad del Estado.<\/p>\n<p>Subray\u00f3 la importancia del trabajo coordinado entre instituciones y el papel clave de la ciudadan\u00eda en la construcci\u00f3n de un entorno m\u00e1s seguro, por ello, hizo un llamado a fomentar la denuncia como un acto de responsabilidad social.<\/p>\n<p>Asimismo, reiter\u00f3 el compromiso del Gobierno estatal con la formaci\u00f3n continua de las y los polic\u00edas, asegurando que todos est\u00e1n sujetos a un programa de capacitaci\u00f3n basado en los principios de legalidad, honradez, eficiencia, profesionalismo y objetividad.<\/p>\n<p>El Foro reuni\u00f3 a especialistas y representantes de diversos sectores para definir estrategias transversales, entre ellos, el experto en el eje tem\u00e1tico Gobierno y Seguridad, Ernesto Insunza Vera, quien coordin\u00f3 la instalaci\u00f3n de mesas de trabajo para la recepci\u00f3n de propuestas.<\/p>\n<p>El Gobierno del Estado reafirma su compromiso de escuchar a la poblaci\u00f3n y construir, de manera conjunta, un plan que responda a las necesidades y aspiraciones de todas y todos, manteniendo abierta la plataforma digital miplan.veracruz.gob.mx, donde cualquier persona puede abonar con sugerencias.<\/p>\n","protected":false},"excerpt":{"rendered":"<p>La seguridad y la gobernabilidad son pilares fundamentales para la inversi\u00f3n, el crecimiento econ\u00f3mico y la calidad de vida de<\/p>\n","protected":false},"author":4,"featured_media":49097,"comment_status":"closed","ping_status":"closed","sticky":false,"template":"","format":"standard","meta":{"colormag_page_container_layout":"default_layout","colormag_page_sidebar_layout":"default_layout","_jetpack_memberships_contains_paid_content":false,"footnotes":"","jetpack_publicize_message":"","jetpack_publicize_feature_enabled":true,"jetpack_social_post_already_shared":true,"jetpack_social_options":{"image_generator_settings":{"template":"highway","default_image_id":0,"font":"","enabled":false},"version":2}},"categories":[356],"tags":[],"class_list":["post-49096","post","type-post","status-publish","format-standard","has-post-thumbnail","hentry","category-veracruz"],"jetpack_publicize_connections":[],"jetpack_featured_media_url":"https:\/\/noticiasveracruz.com\/wp-content\/uploads\/2025\/01\/9a-15.jpg","jetpack_sharing_enabled":true,"publishpress_future_action":{"enabled":false,"date":"2026-05-08 06:31:46","action":"change-status","newStatus":"draft","terms":[],"taxonomy":"category","extraData":[]},"publishpress_future_workflow_manual_trigger":{"enabledWorkflows":[]},"_links":{"self":[{"href":"https:\/\/noticiasveracruz.com\/index.php\/wp-json\/wp\/v2\/posts\/49096","targetHints":{"allow":["GET"]}}],"collection":[{"href":"https:\/\/noticiasveracruz.com\/index.php\/wp-json\/wp\/v2\/posts"}],"about":[{"href":"https:\/\/noticiasveracruz.com\/index.php\/wp-json\/wp\/v2\/types\/post"}],"author":[{"embeddable":true,"href":"https:\/\/noticiasveracruz.com\/index.php\/wp-json\/wp\/v2\/users\/4"}],"replies":[{"embeddable":true,"href":"https:\/\/noticiasveracruz.com\/index.php\/wp-json\/wp\/v2\/comments?post=49096"}],"version-history":[{"count":0,"href":"https:\/\/noticiasveracruz.com\/index.php\/wp-json\/wp\/v2\/posts\/49096\/revisions"}],"wp:featuredmedia":[{"embeddable":true,"href":"https:\/\/noticiasveracruz.com\/index.php\/wp-json\/wp\/v2\/media\/49097"}],"wp:attachment":[{"href":"https:\/\/noticiasveracruz.com\/index.php\/wp-json\/wp\/v2\/media?parent=49096"}],"wp:term":[{"taxonomy":"category","embeddable":true,"href":"https:\/\/noticiasveracruz.com\/index.php\/wp-json\/wp\/v2\/categories?post=49096"},{"taxonomy":"post_tag","embeddable":true,"href":"https:\/\/noticiasveracruz.com\/index.php\/wp-json\/wp\/v2\/tags?post=49096"}],"curies":[{"name":"wp","href":"https:\/\/api.w.org\/{rel}","templated":true}]}}