{"id":49083,"date":"2025-01-29T01:12:54","date_gmt":"2025-01-29T07:12:54","guid":{"rendered":"https:\/\/noticiasveracruz.com\/?p=49083"},"modified":"2025-01-29T01:12:54","modified_gmt":"2025-01-29T07:12:54","slug":"la-realidad-arrebata-banderas-a-la-oposicion","status":"publish","type":"post","link":"https:\/\/noticiasveracruz.com\/index.php\/2025\/01\/29\/la-realidad-arrebata-banderas-a-la-oposicion\/","title":{"rendered":"La realidad arrebata banderas a la oposici\u00f3n"},"content":{"rendered":"<p><span style=\"font-size: 14pt;\"><strong>ALMA GRANDE<\/strong><\/span><\/p>\n<p><span style=\"font-size: 14pt;\"><strong>Por \u00c1ngel \u00c1lvaro Pe\u00f1a<\/strong><\/span><\/p>\n<p><span style=\"font-size: 14pt;\">El problema con la oposici\u00f3n en M\u00e9xico es que no entiende que no entiende. Desde v\u00edsperas de la campa\u00f1a de Andr\u00e9s Manuel L\u00f3pez Obrador a la Presidencia de la Rep\u00fablica, la oposici\u00f3n apoyada, de manera incondicional, por los medios tradicionales, anunciaban lo mismo que ahora insisten en pronosticar.<\/span><\/p>\n<p><span style=\"font-size: 14pt;\">Es decir, llevan casi 7 a\u00f1os insistiendo sobre sus temas favoritos, asegurando que el r\u00e9gimen pol\u00edtico y econ\u00f3mico que lleva la Cuarta Transformaci\u00f3n llevar\u00e1 a la quiebra al pa\u00eds.<\/span><\/p>\n<p><span style=\"font-size: 14pt;\">As\u00ed desde esos a\u00f1os, panistas, priistas y emecistas hacen de sus pron\u00f3sticos la \u00fanica manera que tienen para desgastar el proyecto pol\u00edtico del gobierno. Los temas son los mismos: la devaluaci\u00f3n, la inflaci\u00f3n, el desempleo, el alejamiento de la inversi\u00f3n nacional y extranjera, etc.<\/span><\/p>\n<p><span style=\"font-size: 14pt;\">En un par de d\u00edas se ha dado a conocer que en todo est\u00e1n equivocados los agoreros del desastre que quieren que a M\u00e9xico le vaya mal para que la inconformidad social impere.<\/span><\/p>\n<p><span style=\"font-size: 14pt;\">Si hablamos de inversi\u00f3n extranjera tenemos un ejemplo muy claro, el de la empresa suiza Nestl\u00e9, que invertir\u00e1 en M\u00e9xico mil millones de d\u00f3lares para ampliar sus plantas de producci\u00f3n de alimentos en los pr\u00f3ximos tres a\u00f1os, posteriormente habr\u00e1 mayor expansi\u00f3n de su proyecto. Lo anterior fue anunciado por la Presidenta Claudia Sheinbaum, luego de recibir a los directivos de dicha empresa, encabezados por Steve Presley, vicepresidente ejecutivo y CEO para las Am\u00e9ricas.<\/span><\/p>\n<p><span style=\"font-size: 14pt;\">\u201cM\u00e1s buenas noticias para M\u00e9xico: nos reunimos en Palacio Nacional con directivos de Nestl\u00e9, quienes anunciaron una nueva inversi\u00f3n de mil millones de d\u00f3lares. Agradecemos la confianza en nuestro pa\u00eds\u201d, escribi\u00f3 la mandataria.<\/span><\/p>\n<p><span style=\"font-size: 14pt;\">Pero as\u00ed como la oposici\u00f3n no entiende la inversi\u00f3n extranjera tampoco la nacional, tal es el caso del Grupo Coppel, que invertir\u00e1 en este a\u00f1o 14 mil 200 millones de pesos como parte de la estrategia de expansi\u00f3n en M\u00e9xico, que incluye la apertura de tiendas, centros de distribuci\u00f3n y un fortalecimiento de su red digital.<\/span><\/p>\n<p><span style=\"font-size: 14pt;\">A pesar de los augurios de los opositores que aseguraban que la reforma al Poder Judicial inhibir\u00eda la inversi\u00f3n nacional y extranjera, sucedi\u00f3 lo contrario. Era necesaria una renovaci\u00f3n a quienes solo manoseaban las leyes, que se diera certeza a la inversi\u00f3n dentro y fuera de M\u00e9xico. Lo que hab\u00eda era una verdadera vacilada donde se podr\u00eda regalar terrenos a los inversionistas, evitar pagar impuestos, violar los derechos laborales, tener mano de obra muy barata en nuestro propio territorio, que es lo que les gustaba a los conservadores.<\/span><\/p>\n<p><span style=\"font-size: 14pt;\">Pero como tambi\u00e9n los temas favoritos de estas personas son la inflaci\u00f3n y la devaluaci\u00f3n hay malas noticias para ellos.<\/span><\/p>\n<p><span style=\"font-size: 14pt;\">Se acaba de informar el INEGI que la primera quincena de enero, arroj\u00f3 la mayor ca\u00edda de la inflaci\u00f3n en los \u00faltimos cuatro a\u00f1os, al caer 3,69 por ciento. En lugar de la temida cuesta de enero, de cada a\u00f1o, esta vez el \u00cdndice de Precios al Consumidor se increment\u00f3 0,20 por ciento.<\/span><\/p>\n<p><span style=\"font-size: 14pt;\">Y se vemos la fluctuaci\u00f3n del precio frente al d\u00f3lar encontramos que nuestra moneda se recuper\u00f3 frente al d\u00f3lar desde el martes 28 de enero, a pesar de amenazas y presiones de los mercados y los socios comerciales.<\/span><\/p>\n<p><span style=\"font-size: 14pt;\">Con esto la oposici\u00f3n estar\u00e1 m\u00e1s enojada que nunca y su pandemia de odio, demuestra en las declaraciones de sus integrantes que ya no saben qu\u00e9 inventar para que la gente voltee a verlos. Se les olvid\u00f3 que tienen que trabajar con el pueblo y no en sus negocios solamente. El sexenio pasado el \u00fanico objetivo que ten\u00edan era que renunciara el Presidente, ahora quieren que Trump golpee la econom\u00eda de M\u00e9xico a grado tal que la gente vea en esta agresi\u00f3n una manera de creer que el gobierno est\u00e1 equivocado.<\/span><\/p>\n<p><span style=\"font-size: 14pt;\">Todav\u00eda la oposici\u00f3n no se ha dado cuenta de que la gran mayor\u00eda de la gente est\u00e1 con la Presidenta y su postura de defensa de la soberan\u00eda ante los embates del socio del norte.<\/span><\/p>\n<p><span style=\"font-size: 14pt;\"><strong>PEGA Y CORRE.-<\/strong> El sector empresarial, a trav\u00e9s del Consejo Coordinador empresarial, increment\u00f3 su oferta de trabajo de 30 a 50 mil empleos para los inmigrantes que regresan a su tierra. El dirigente de este sindicato patronal, Francisco Cervantes, se\u00f1al\u00f3:\u00a0\u201cEl gobierno mexicano tiene listo ya un esquema de atenci\u00f3n para recibir a nuestros connacionales que sean repatriados. Hoy se trata de la estrategia M\u00e9xico te abraza\u201d\u2026Esta columna se publica los lunes, mi\u00e9rcoles y viernes.<\/span><\/p>\n<p><img loading=\"lazy\" decoding=\"async\" class=\"alignnone wp-image-48906 size-full\" src=\"http:\/\/noticiasveracruz.com\/wp-content\/uploads\/2025\/01\/FIRMA-EDITORIAL-PD-6.jpg\" alt=\"\" width=\"1024\" height=\"125\" srcset=\"https:\/\/noticiasveracruz.com\/wp-content\/uploads\/2025\/01\/FIRMA-EDITORIAL-PD-6.jpg 1024w, https:\/\/noticiasveracruz.com\/wp-content\/uploads\/2025\/01\/FIRMA-EDITORIAL-PD-6-300x37.jpg 300w, https:\/\/noticiasveracruz.com\/wp-content\/uploads\/2025\/01\/FIRMA-EDITORIAL-PD-6-768x94.jpg 768w\" sizes=\"auto, (max-width: 1024px) 100vw, 1024px\" \/><\/p>\n","protected":false},"excerpt":{"rendered":"<p>ALMA GRANDE Por \u00c1ngel \u00c1lvaro Pe\u00f1a El problema con la oposici\u00f3n en M\u00e9xico es que no entiende que no entiende.<\/p>\n","protected":false},"author":4,"featured_media":48923,"comment_status":"closed","ping_status":"closed","sticky":false,"template":"","format":"standard","meta":{"colormag_page_container_layout":"default_layout","colormag_page_sidebar_layout":"default_layout","_jetpack_memberships_contains_paid_content":false,"footnotes":"","jetpack_publicize_message":"","jetpack_publicize_feature_enabled":true,"jetpack_social_post_already_shared":true,"jetpack_social_options":{"image_generator_settings":{"template":"highway","default_image_id":0,"font":"","enabled":false},"version":2}},"categories":[6],"tags":[],"class_list":["post-49083","post","type-post","status-publish","format-standard","has-post-thumbnail","hentry","category-columnistas"],"jetpack_publicize_connections":[],"jetpack_featured_media_url":"https:\/\/noticiasveracruz.com\/wp-content\/uploads\/2025\/01\/BANNER-LOPEZ-DORIGA-DIGITAL-2.jpg","jetpack_sharing_enabled":true,"publishpress_future_action":{"enabled":false,"date":"2026-05-08 06:31:46","action":"change-status","newStatus":"draft","terms":[],"taxonomy":"category","extraData":[]},"publishpress_future_workflow_manual_trigger":{"enabledWorkflows":[]},"_links":{"self":[{"href":"https:\/\/noticiasveracruz.com\/index.php\/wp-json\/wp\/v2\/posts\/49083","targetHints":{"allow":["GET"]}}],"collection":[{"href":"https:\/\/noticiasveracruz.com\/index.php\/wp-json\/wp\/v2\/posts"}],"about":[{"href":"https:\/\/noticiasveracruz.com\/index.php\/wp-json\/wp\/v2\/types\/post"}],"author":[{"embeddable":true,"href":"https:\/\/noticiasveracruz.com\/index.php\/wp-json\/wp\/v2\/users\/4"}],"replies":[{"embeddable":true,"href":"https:\/\/noticiasveracruz.com\/index.php\/wp-json\/wp\/v2\/comments?post=49083"}],"version-history":[{"count":0,"href":"https:\/\/noticiasveracruz.com\/index.php\/wp-json\/wp\/v2\/posts\/49083\/revisions"}],"wp:featuredmedia":[{"embeddable":true,"href":"https:\/\/noticiasveracruz.com\/index.php\/wp-json\/wp\/v2\/media\/48923"}],"wp:attachment":[{"href":"https:\/\/noticiasveracruz.com\/index.php\/wp-json\/wp\/v2\/media?parent=49083"}],"wp:term":[{"taxonomy":"category","embeddable":true,"href":"https:\/\/noticiasveracruz.com\/index.php\/wp-json\/wp\/v2\/categories?post=49083"},{"taxonomy":"post_tag","embeddable":true,"href":"https:\/\/noticiasveracruz.com\/index.php\/wp-json\/wp\/v2\/tags?post=49083"}],"curies":[{"name":"wp","href":"https:\/\/api.w.org\/{rel}","templated":true}]}}