{"id":49010,"date":"2025-01-28T16:21:21","date_gmt":"2025-01-28T22:21:21","guid":{"rendered":"https:\/\/noticiasveracruz.com\/?p=49010"},"modified":"2025-01-28T16:21:21","modified_gmt":"2025-01-28T22:21:21","slug":"empresas-e-instituciones-de-gobierno-ofertan-oportunidades-laborales-en-la-feria-del-empleo-tuxpan-2025","status":"publish","type":"post","link":"https:\/\/noticiasveracruz.com\/index.php\/2025\/01\/28\/empresas-e-instituciones-de-gobierno-ofertan-oportunidades-laborales-en-la-feria-del-empleo-tuxpan-2025\/","title":{"rendered":"Empresas e instituciones de gobierno ofertan oportunidades laborales en la Feria del Empleo Tuxpan 2025"},"content":{"rendered":"<p>\u2022 Hasta las 15:00 horas se estar\u00e1n realizando entrevistas de trabajo en este evento de la STPSP, SNE y Ayuntamiento de Tuxpan.<\/p>\n<p>Tuxpan, Ver., 28 de enero de 2025.- Para acercar oportunidades laborales a la poblaci\u00f3n, con procesos de reclutamiento y contrataci\u00f3n m\u00e1s r\u00e1pidos, este d\u00eda se realiza en la plaza c\u00edvica la Feria del Empleo Tuxpan 2025.<\/p>\n<p><img loading=\"lazy\" decoding=\"async\" class=\"alignnone size-medium wp-image-49015\" src=\"http:\/\/noticiasveracruz.com\/wp-content\/uploads\/2025\/01\/WhatsApp-Image-2025-01-28-at-12.26.54-300x200.jpeg\" alt=\"\" width=\"300\" height=\"200\" srcset=\"https:\/\/noticiasveracruz.com\/wp-content\/uploads\/2025\/01\/WhatsApp-Image-2025-01-28-at-12.26.54-300x200.jpeg 300w, https:\/\/noticiasveracruz.com\/wp-content\/uploads\/2025\/01\/WhatsApp-Image-2025-01-28-at-12.26.54-1024x681.jpeg 1024w, https:\/\/noticiasveracruz.com\/wp-content\/uploads\/2025\/01\/WhatsApp-Image-2025-01-28-at-12.26.54-768x511.jpeg 768w, https:\/\/noticiasveracruz.com\/wp-content\/uploads\/2025\/01\/WhatsApp-Image-2025-01-28-at-12.26.54-1536x1021.jpeg 1536w, https:\/\/noticiasveracruz.com\/wp-content\/uploads\/2025\/01\/WhatsApp-Image-2025-01-28-at-12.26.54.jpeg 1600w\" sizes=\"auto, (max-width: 300px) 100vw, 300px\" \/><\/p>\n<p>Esta feria es organizada por el H. Ayuntamiento de Tuxpan, el Servicio Nacional de Empleo y la Secretar\u00eda de Trabajo, Previsi\u00f3n Social y Productividad del Estado de Veracruz.<\/p>\n<p>Inauguraron el evento el presidente municipal Dr. Jes\u00fas Fomperoza Torres; el secretario de Trabajo, Previsi\u00f3n Social y Productividad del estado de Veracruz, Lic. Luis Arturo Santiago Mart\u00ednez; la presidenta del DIF Tuxpan, Melba L\u00f3pez Guti\u00e9rrez.<\/p>\n<p><img loading=\"lazy\" decoding=\"async\" class=\"alignnone size-medium wp-image-49014\" src=\"http:\/\/noticiasveracruz.com\/wp-content\/uploads\/2025\/01\/WhatsApp-Image-2025-01-28-at-12.26.54-2-300x200.jpeg\" alt=\"\" width=\"300\" height=\"200\" srcset=\"https:\/\/noticiasveracruz.com\/wp-content\/uploads\/2025\/01\/WhatsApp-Image-2025-01-28-at-12.26.54-2-300x200.jpeg 300w, https:\/\/noticiasveracruz.com\/wp-content\/uploads\/2025\/01\/WhatsApp-Image-2025-01-28-at-12.26.54-2-1024x681.jpeg 1024w, https:\/\/noticiasveracruz.com\/wp-content\/uploads\/2025\/01\/WhatsApp-Image-2025-01-28-at-12.26.54-2-768x511.jpeg 768w, https:\/\/noticiasveracruz.com\/wp-content\/uploads\/2025\/01\/WhatsApp-Image-2025-01-28-at-12.26.54-2-1536x1021.jpeg 1536w, https:\/\/noticiasveracruz.com\/wp-content\/uploads\/2025\/01\/WhatsApp-Image-2025-01-28-at-12.26.54-2.jpeg 1600w\" sizes=\"auto, (max-width: 300px) 100vw, 300px\" \/><\/p>\n<p>La Lic. Shaidy Garasine Rebolledo Grajales, directora del Servicio Nacional de Empleo en Veracruz; Lic. Lidia Soni Gallardo, directora de Desarrollo Econ\u00f3mico; Lic. Vanessa Yazm\u00edn G\u00f3mez, coordinadora del Servicio Municipal de Empleo, y la Lic. Fernanda Mel\u00e9ndez Bravo, coordinadora de Vinculaci\u00f3n Laboral en el estado.<\/p>\n<p><img loading=\"lazy\" decoding=\"async\" class=\"alignnone size-medium wp-image-49013\" src=\"http:\/\/noticiasveracruz.com\/wp-content\/uploads\/2025\/01\/WhatsApp-Image-2025-01-28-at-12.26.54-1-300x200.jpeg\" alt=\"\" width=\"300\" height=\"200\" srcset=\"https:\/\/noticiasveracruz.com\/wp-content\/uploads\/2025\/01\/WhatsApp-Image-2025-01-28-at-12.26.54-1-300x200.jpeg 300w, https:\/\/noticiasveracruz.com\/wp-content\/uploads\/2025\/01\/WhatsApp-Image-2025-01-28-at-12.26.54-1-1024x681.jpeg 1024w, https:\/\/noticiasveracruz.com\/wp-content\/uploads\/2025\/01\/WhatsApp-Image-2025-01-28-at-12.26.54-1-768x511.jpeg 768w, https:\/\/noticiasveracruz.com\/wp-content\/uploads\/2025\/01\/WhatsApp-Image-2025-01-28-at-12.26.54-1-1536x1021.jpeg 1536w, https:\/\/noticiasveracruz.com\/wp-content\/uploads\/2025\/01\/WhatsApp-Image-2025-01-28-at-12.26.54-1.jpeg 1600w\" sizes=\"auto, (max-width: 300px) 100vw, 300px\" \/><\/p>\n<p>En su mensaje, el presidente municipal Dr. Jes\u00fas Fomperoza manifest\u00f3 su alegr\u00eda por iniciar el a\u00f1o brindando nuevas oportunidades de empleo a la ciudadan\u00eda; por ello agradeci\u00f3 el respaldo de la gobernadora Ing. Roc\u00edo Nahle Garc\u00eda, del Servicio Nacional del Empleo y de la Secretar\u00eda del Trabajo, Previsi\u00f3n Social y Productividad.<\/p>\n<p><img loading=\"lazy\" decoding=\"async\" class=\"alignnone size-medium wp-image-49011\" src=\"http:\/\/noticiasveracruz.com\/wp-content\/uploads\/2025\/01\/WhatsApp-Image-2025-01-28-at-12.26.53-1-300x200.jpeg\" alt=\"\" width=\"300\" height=\"200\" srcset=\"https:\/\/noticiasveracruz.com\/wp-content\/uploads\/2025\/01\/WhatsApp-Image-2025-01-28-at-12.26.53-1-300x200.jpeg 300w, https:\/\/noticiasveracruz.com\/wp-content\/uploads\/2025\/01\/WhatsApp-Image-2025-01-28-at-12.26.53-1-1024x681.jpeg 1024w, https:\/\/noticiasveracruz.com\/wp-content\/uploads\/2025\/01\/WhatsApp-Image-2025-01-28-at-12.26.53-1-768x511.jpeg 768w, https:\/\/noticiasveracruz.com\/wp-content\/uploads\/2025\/01\/WhatsApp-Image-2025-01-28-at-12.26.53-1-1536x1021.jpeg 1536w, https:\/\/noticiasveracruz.com\/wp-content\/uploads\/2025\/01\/WhatsApp-Image-2025-01-28-at-12.26.53-1.jpeg 1600w\" sizes=\"auto, (max-width: 300px) 100vw, 300px\" \/><\/p>\n<p>\u201cCada empleo que se genera en el municipio es una semilla que fortalece nuestra econom\u00eda y apuntala el desarrollo sostenible\u201d, indic\u00f3.<\/p>\n<p>Destac\u00f3 que la importancia de la creaci\u00f3n de fuentes de trabajo, ya que los ciudadanos no tendr\u00e1n que migrar para encontrar oportunidades laborales: \u201cPor muchos a\u00f1os Tuxpan ha sido exportador de mano de obra calificada, ya es tiempo de que este talento fortalezca la competitividad de nuestro municipio.<\/p>\n<p>En ese sentido, puntualiz\u00f3 que \u201ccomo gobierno estamos haciendo lo que corresponde, como fomentar la inversi\u00f3n privada, apoyar a emprendedores, impulsar la formaci\u00f3n t\u00e9cnica y profesional y desarrollar infraestructura; porque \u00a1sabemos muy bien que el trabajo genera progreso!<\/p>\n<p>Por su parte, el secretario del Trabajo, Lic. Luis Arturo Santiago dio las gracias al alcalde Jes\u00fas Fomperoza y al cabildo de Tuxpan por su disposici\u00f3n para llevar a cabo estas acciones que son -dijo- por el bien de la comunidad.<\/p>\n<p>As\u00ed mismo, detall\u00f3 que en esta feria participan 35 empresas, ofreciendo 225 oportunidades laborales en la regi\u00f3n.<br \/>\n\u201cEstamos muy contentos porque las tasas de desocupaci\u00f3n y desempleo en Veracruz ha disminuido considerablemente\u201d, se\u00f1al\u00f3.<\/p>\n<p>Estuvieron presentes en el evento la s\u00edndica \u00fanica Mtra. Beatriz Pi\u00f1a Vergara; las regidoras y los regidores Mar\u00eda del Pilar Mart\u00ednez Matesanz, Maryanela Monroy Flores, Anah\u00ed Aguilar L\u00f3pez, Lucero Res\u00e9ndis Ambrocio, Luis Demetrio L\u00f3pez Mar\u00edn y Axel Bernal Herrera.<\/p>\n<p>Al t\u00e9rmino del acto inaugural las autoridades recorrieron los diversos stands donde los empleadores estar\u00e1n hoy, hasta las 3:00 de la tarde, realizando entrevistas de trabajo.<\/p>\n","protected":false},"excerpt":{"rendered":"<p>\u2022 Hasta las 15:00 horas se estar\u00e1n realizando entrevistas de trabajo en este evento de la STPSP, SNE y Ayuntamiento<\/p>\n","protected":false},"author":4,"featured_media":49012,"comment_status":"closed","ping_status":"closed","sticky":false,"template":"","format":"standard","meta":{"colormag_page_container_layout":"default_layout","colormag_page_sidebar_layout":"default_layout","_jetpack_memberships_contains_paid_content":false,"footnotes":"","jetpack_publicize_message":"","jetpack_publicize_feature_enabled":true,"jetpack_social_post_already_shared":true,"jetpack_social_options":{"image_generator_settings":{"template":"highway","default_image_id":0,"font":"","enabled":false},"version":2}},"categories":[3372,356],"tags":[],"class_list":["post-49010","post","type-post","status-publish","format-standard","has-post-thumbnail","hentry","category-gobierno-tuxpan","category-veracruz"],"jetpack_publicize_connections":[],"jetpack_featured_media_url":"https:\/\/noticiasveracruz.com\/wp-content\/uploads\/2025\/01\/WhatsApp-Image-2025-01-28-at-12.26.53.jpeg","jetpack_sharing_enabled":true,"publishpress_future_action":{"enabled":false,"date":"2026-05-08 06:31:52","action":"change-status","newStatus":"draft","terms":[],"taxonomy":"category","extraData":[]},"publishpress_future_workflow_manual_trigger":{"enabledWorkflows":[]},"_links":{"self":[{"href":"https:\/\/noticiasveracruz.com\/index.php\/wp-json\/wp\/v2\/posts\/49010","targetHints":{"allow":["GET"]}}],"collection":[{"href":"https:\/\/noticiasveracruz.com\/index.php\/wp-json\/wp\/v2\/posts"}],"about":[{"href":"https:\/\/noticiasveracruz.com\/index.php\/wp-json\/wp\/v2\/types\/post"}],"author":[{"embeddable":true,"href":"https:\/\/noticiasveracruz.com\/index.php\/wp-json\/wp\/v2\/users\/4"}],"replies":[{"embeddable":true,"href":"https:\/\/noticiasveracruz.com\/index.php\/wp-json\/wp\/v2\/comments?post=49010"}],"version-history":[{"count":0,"href":"https:\/\/noticiasveracruz.com\/index.php\/wp-json\/wp\/v2\/posts\/49010\/revisions"}],"wp:featuredmedia":[{"embeddable":true,"href":"https:\/\/noticiasveracruz.com\/index.php\/wp-json\/wp\/v2\/media\/49012"}],"wp:attachment":[{"href":"https:\/\/noticiasveracruz.com\/index.php\/wp-json\/wp\/v2\/media?parent=49010"}],"wp:term":[{"taxonomy":"category","embeddable":true,"href":"https:\/\/noticiasveracruz.com\/index.php\/wp-json\/wp\/v2\/categories?post=49010"},{"taxonomy":"post_tag","embeddable":true,"href":"https:\/\/noticiasveracruz.com\/index.php\/wp-json\/wp\/v2\/tags?post=49010"}],"curies":[{"name":"wp","href":"https:\/\/api.w.org\/{rel}","templated":true}]}}