{"id":48984,"date":"2025-01-28T00:31:28","date_gmt":"2025-01-28T06:31:28","guid":{"rendered":"https:\/\/noticiasveracruz.com\/?p=48984"},"modified":"2025-01-28T00:31:28","modified_gmt":"2025-01-28T06:31:28","slug":"continuan-protestas-a-9-dias-de-desaparicion-de-jovenes-en-veracruz","status":"publish","type":"post","link":"https:\/\/noticiasveracruz.com\/index.php\/2025\/01\/28\/continuan-protestas-a-9-dias-de-desaparicion-de-jovenes-en-veracruz\/","title":{"rendered":"Contin\u00faan protestas a 9 d\u00edas de desaparici\u00f3n de j\u00f3venes en Veracruz"},"content":{"rendered":"<p>Las protestas ante la desaparici\u00f3n de dos j\u00f3venes en la Ciudad de Boca del R\u00edo, en el estado de Veracruz contin\u00faan, luego de 9 d\u00edas en los que amigos y familiares no han tenido respuesta por parte de las autoridades.<\/p>\n<p>Esta ma\u00f1ana, en la ciudad de Xalapa, personas se presentaron a las afueras del palacio de gobierno del Estado de Veracruz, con mantas impresas con las fichas de b\u00fasqueda de Jhosajani De Rub\u00ed Luna Mart\u00ednez y de Oswaldo Ram\u00edrez Mendieta.<\/p>\n<p>Se\u00f1alaron que a pesar de que desde las primeras horas de la desaparici\u00f3n se report\u00f3 el caso, las autoridades han realizado pocas acciones como parte de las tareas de b\u00fasqueda, por lo que piden verdaderas respuestas.<\/p>\n<p>\u201cLo que estamos exigiendo es respuesta, desde el mi\u00e9rcoles venimos a la Plaza Lerdo a manifestarnos, (\u2026) nosotros de mi\u00e9rcoles hasta ahorita, estamos pensando lonas, dando volantes, pero queremos que las autoridades y la Fiscal\u00eda nos den m\u00e1s respuestas\u201d, coment\u00f3. Elo\u00edsa Mart\u00ednez G\u00f3mez, madre de Jhosajani.<\/p>\n<p>En ese sentido, se\u00f1alaron que las protestas se mantendr\u00e1n de manera constante hasta que se d\u00e9 con el paradero de los 2 j\u00f3venes que viajaron de Xalapa a Boca del R\u00edo como parte de sus responsabilidades laborales en la venta de medicamentos.<\/p>\n<p>Recordaron que la \u00faltima conexi\u00f3n registrada por las dos v\u00edctimas fue en la cercan\u00eda de una instalaci\u00f3n de la Polic\u00eda Auxiliar, perteneciente a la Secretar\u00eda de Seguridad P\u00fablica y se\u00f1alaron que temen por la seguridad de sus seres queridos.<\/p>\n<p>\u201cNo hemos obtenido m\u00e1s respuesta, m\u00e1s que la orden de cateo de las oficinas de IPAX (Polic\u00eda Auxiliar) de Boca y una c\u00e1mara que nos ense\u00f1aron\u201d, a\u00f1adi\u00f3 la angustiada madre.<\/p>\n","protected":false},"excerpt":{"rendered":"<p>Las protestas ante la desaparici\u00f3n de dos j\u00f3venes en la Ciudad de Boca del R\u00edo, en el estado de Veracruz<\/p>\n","protected":false},"author":4,"featured_media":48985,"comment_status":"closed","ping_status":"closed","sticky":false,"template":"","format":"standard","meta":{"colormag_page_container_layout":"default_layout","colormag_page_sidebar_layout":"default_layout","_jetpack_memberships_contains_paid_content":false,"footnotes":"","jetpack_publicize_message":"","jetpack_publicize_feature_enabled":true,"jetpack_social_post_already_shared":true,"jetpack_social_options":{"image_generator_settings":{"template":"highway","default_image_id":0,"font":"","enabled":false},"version":2}},"categories":[145],"tags":[],"class_list":["post-48984","post","type-post","status-publish","format-standard","has-post-thumbnail","hentry","category-estados"],"jetpack_publicize_connections":[],"jetpack_featured_media_url":"https:\/\/noticiasveracruz.com\/wp-content\/uploads\/2025\/01\/oreiiresttas.jpg","jetpack_sharing_enabled":true,"publishpress_future_action":{"enabled":false,"date":"2026-05-10 06:45:37","action":"change-status","newStatus":"draft","terms":[],"taxonomy":"category","extraData":[]},"publishpress_future_workflow_manual_trigger":{"enabledWorkflows":[]},"_links":{"self":[{"href":"https:\/\/noticiasveracruz.com\/index.php\/wp-json\/wp\/v2\/posts\/48984","targetHints":{"allow":["GET"]}}],"collection":[{"href":"https:\/\/noticiasveracruz.com\/index.php\/wp-json\/wp\/v2\/posts"}],"about":[{"href":"https:\/\/noticiasveracruz.com\/index.php\/wp-json\/wp\/v2\/types\/post"}],"author":[{"embeddable":true,"href":"https:\/\/noticiasveracruz.com\/index.php\/wp-json\/wp\/v2\/users\/4"}],"replies":[{"embeddable":true,"href":"https:\/\/noticiasveracruz.com\/index.php\/wp-json\/wp\/v2\/comments?post=48984"}],"version-history":[{"count":0,"href":"https:\/\/noticiasveracruz.com\/index.php\/wp-json\/wp\/v2\/posts\/48984\/revisions"}],"wp:featuredmedia":[{"embeddable":true,"href":"https:\/\/noticiasveracruz.com\/index.php\/wp-json\/wp\/v2\/media\/48985"}],"wp:attachment":[{"href":"https:\/\/noticiasveracruz.com\/index.php\/wp-json\/wp\/v2\/media?parent=48984"}],"wp:term":[{"taxonomy":"category","embeddable":true,"href":"https:\/\/noticiasveracruz.com\/index.php\/wp-json\/wp\/v2\/categories?post=48984"},{"taxonomy":"post_tag","embeddable":true,"href":"https:\/\/noticiasveracruz.com\/index.php\/wp-json\/wp\/v2\/tags?post=48984"}],"curies":[{"name":"wp","href":"https:\/\/api.w.org\/{rel}","templated":true}]}}