{"id":48963,"date":"2025-01-28T00:19:03","date_gmt":"2025-01-28T06:19:03","guid":{"rendered":"https:\/\/noticiasveracruz.com\/?p=48963"},"modified":"2025-01-28T00:19:03","modified_gmt":"2025-01-28T06:19:03","slug":"es-responsabilidad-del-gobierno-federal-apoyar-en-seguridad-de-sinaloa-sheinbaum","status":"publish","type":"post","link":"https:\/\/noticiasveracruz.com\/index.php\/2025\/01\/28\/es-responsabilidad-del-gobierno-federal-apoyar-en-seguridad-de-sinaloa-sheinbaum\/","title":{"rendered":"Es responsabilidad del gobierno federal apoyar en seguridad de Sinaloa: Sheinbaum"},"content":{"rendered":"<p>Ante las manifestaciones que se han realizado exigiendo la renuncia del gobernador de Sinaloa, Rub\u00e9n Rocha, por su desempe\u00f1o frente a la crisis de violencia en la entidad, la presidenta Claudia Sheinbaum dijo que la responsabilidad del gobierno federal es ayudar y apoyar en dar seguridad a los sinaloenses. Se\u00f1al\u00f3 que ya no es como antes donde la Presidencia quitaba y pon\u00eda gobernadores, por lo que se reforzar\u00e1 la presencia federal y la coordinaci\u00f3n con el gobierno estatal.<\/p>\n<p>Durante su conferencia dijo: \u201cDecirle al pueblo de Sinaloa todos los d\u00edas trabajamos\u00a0por la seguridad en la entidad, sabemos de\u00a0\u00a0la situaci\u00f3n que est\u00e1n pasados que no solo es preocupaci\u00f3n sino ocupaci\u00f3n permanente, trabajando todos los d\u00edas para construir la paz en Sinaloa, desde la atenci\u00f3n a las causa, y cero impunidad\u201d.<\/p>\n<p>Se\u00f1al\u00f3 que era necesario entender cu\u00e1l es el origen de esta escalada de violencia (en relaci\u00f3n al secuestro y traslado del narcotraficante Ismael\u00a0<em>El Mayo<\/em>\u00a0Zambada a Estados Unidos), por lo que precis\u00f3 que una vez que se asiente la nueva administraci\u00f3n del presidente Donald Trumpo, se ratificar\u00e1 la demanda del gobierno mexicano para esclarecer lo sucedido y la participaci\u00f3n que pudiera haber tenido el gobierno estadunidense (del presidente Joe Biden) en este hecho.<\/p>\n","protected":false},"excerpt":{"rendered":"<p>Ante las manifestaciones que se han realizado exigiendo la renuncia del gobernador de Sinaloa, Rub\u00e9n Rocha, por su desempe\u00f1o frente<\/p>\n","protected":false},"author":4,"featured_media":48964,"comment_status":"closed","ping_status":"closed","sticky":false,"template":"","format":"standard","meta":{"colormag_page_container_layout":"default_layout","colormag_page_sidebar_layout":"default_layout","_jetpack_memberships_contains_paid_content":false,"footnotes":"","jetpack_publicize_message":"","jetpack_publicize_feature_enabled":true,"jetpack_social_post_already_shared":true,"jetpack_social_options":{"image_generator_settings":{"template":"highway","default_image_id":0,"font":"","enabled":false},"version":2}},"categories":[4],"tags":[],"class_list":["post-48963","post","type-post","status-publish","format-standard","has-post-thumbnail","hentry","category-nacional"],"jetpack_publicize_connections":[],"jetpack_featured_media_url":"https:\/\/noticiasveracruz.com\/wp-content\/uploads\/2025\/01\/senado-aprueba-sheinbaum-descate-orden-jueza-dof-reforma-judicial-2-24102024.jpg","jetpack_sharing_enabled":true,"publishpress_future_action":{"enabled":false,"date":"2026-05-08 13:26:44","action":"change-status","newStatus":"draft","terms":[],"taxonomy":"category","extraData":[]},"publishpress_future_workflow_manual_trigger":{"enabledWorkflows":[]},"_links":{"self":[{"href":"https:\/\/noticiasveracruz.com\/index.php\/wp-json\/wp\/v2\/posts\/48963","targetHints":{"allow":["GET"]}}],"collection":[{"href":"https:\/\/noticiasveracruz.com\/index.php\/wp-json\/wp\/v2\/posts"}],"about":[{"href":"https:\/\/noticiasveracruz.com\/index.php\/wp-json\/wp\/v2\/types\/post"}],"author":[{"embeddable":true,"href":"https:\/\/noticiasveracruz.com\/index.php\/wp-json\/wp\/v2\/users\/4"}],"replies":[{"embeddable":true,"href":"https:\/\/noticiasveracruz.com\/index.php\/wp-json\/wp\/v2\/comments?post=48963"}],"version-history":[{"count":0,"href":"https:\/\/noticiasveracruz.com\/index.php\/wp-json\/wp\/v2\/posts\/48963\/revisions"}],"wp:featuredmedia":[{"embeddable":true,"href":"https:\/\/noticiasveracruz.com\/index.php\/wp-json\/wp\/v2\/media\/48964"}],"wp:attachment":[{"href":"https:\/\/noticiasveracruz.com\/index.php\/wp-json\/wp\/v2\/media?parent=48963"}],"wp:term":[{"taxonomy":"category","embeddable":true,"href":"https:\/\/noticiasveracruz.com\/index.php\/wp-json\/wp\/v2\/categories?post=48963"},{"taxonomy":"post_tag","embeddable":true,"href":"https:\/\/noticiasveracruz.com\/index.php\/wp-json\/wp\/v2\/tags?post=48963"}],"curies":[{"name":"wp","href":"https:\/\/api.w.org\/{rel}","templated":true}]}}