{"id":48960,"date":"2025-01-28T00:17:02","date_gmt":"2025-01-28T06:17:02","guid":{"rendered":"https:\/\/noticiasveracruz.com\/?p=48960"},"modified":"2025-01-28T00:17:02","modified_gmt":"2025-01-28T06:17:02","slug":"anticipan-en-san-lazaro-un-muy-intenso-periodo-ordinario","status":"publish","type":"post","link":"https:\/\/noticiasveracruz.com\/index.php\/2025\/01\/28\/anticipan-en-san-lazaro-un-muy-intenso-periodo-ordinario\/","title":{"rendered":"Anticipan en San L\u00e1zaro un \u00abmuy intenso\u00bb periodo ordinario"},"content":{"rendered":"<p>Con un paquete inicial de al menos 73 reformas legales, m\u00e1s las iniciativas que env\u00ede la presidenta Claudia Sheinbaum, la C\u00e1mara de Diputados anticip\u00f3 un periodo de sesiones ordinarias \u201cmuy intenso\u201d, e incluso en Morena se anticipa que se convocar\u00e1 a sesiones extraordinarias a partir de mayo.<\/p>\n<p>El segundo periodo de la 66 Legislatura inicia el s\u00e1bado, y despu\u00e9s de la instalaci\u00f3n del Congreso, la c\u00e1mara citar\u00e1 de inmediato a la primera sesi\u00f3n para votar la reforma al Infonavit.<\/p>\n<p>Este lunes, Morena confirm\u00f3 que a su reuni\u00f3n plenaria del viernes, previa al arranque de los trabajos legislativos, asistir\u00e1n cuatro secretarios del gabinete presidencial, as\u00ed como la titular de la Consejer\u00eda Jur\u00eddica de la Presidencia, Ernestina Godoy Ramos.<\/p>\n<p>Seg\u00fan la agenda programada para ese d\u00eda, asistir\u00e1n los secretarios de Gobernaci\u00f3n, Econom\u00eda, Seguridad y del Bienestar, Rosa Icela Rodr\u00edguez, Marcelo Ebrard, Omar Garc\u00eda Harfuch y Ariadna Montiel, respectivamente.<\/p>\n<p>Quedar\u00e1 pendiente para la pr\u00f3xima semana una reuni\u00f3n con los secretarios de Hacienda, Rogelio Ram\u00edrez de la O, y de Salud, David Kershenobich.<\/p>\n<p>El coordinador de Morena, Ricardo Monreal, confirm\u00f3 que despu\u00e9s del 5 de febrero se aprobar\u00e1 la reforma a la Constituci\u00f3n que proh\u00edbe el ma\u00edz transg\u00e9nico en M\u00e9xico.<\/p>\n<p>Alfonso Ram\u00edrez Cu\u00e9llar, vice coordinador de la bancada, dijo que ante el c\u00famulo de reformas que debe resolver la c\u00e1mara, incluso se negociar\u00e1 convocar a un periodo de sesiones extraordinarias.<\/p>\n<p>Refiri\u00f3 que, entre los asuntos a abordar por la c\u00e1mara est\u00e1 no solo el paquete legal que regular\u00e1 las reformas a Poder Judicial de la Federaci\u00f3n, sino tambi\u00e9n la que definir\u00e1 la creaci\u00f3n de la agencia anti monopolios, que unificar\u00e1 las tareas del Instituto Federal de Telecomunicaciones y la Comisi\u00f3n Federal de Competencia Econ\u00f3mica, extinguidas por el Congreso.<\/p>\n<p>\u201cTiene que ser una agencia muy fuerte, independiente, colegiada, con mucho poder para combatir las pr\u00e1cticas monop\u00f3licas y los alto niveles de concentraci\u00f3n en telecomunicaciones, transporte, e incluso en la distribuci\u00f3n de alimentos. Se trata de que las nuevas pol\u00edticas antimonop\u00f3licas realmente protejan al consumidor\u201d, dijo.<\/p>\n","protected":false},"excerpt":{"rendered":"<p>Con un paquete inicial de al menos 73 reformas legales, m\u00e1s las iniciativas que env\u00ede la presidenta Claudia Sheinbaum, la<\/p>\n","protected":false},"author":4,"featured_media":48961,"comment_status":"closed","ping_status":"closed","sticky":false,"template":"","format":"standard","meta":{"colormag_page_container_layout":"default_layout","colormag_page_sidebar_layout":"default_layout","_jetpack_memberships_contains_paid_content":false,"footnotes":"","jetpack_publicize_message":"","jetpack_publicize_feature_enabled":true,"jetpack_social_post_already_shared":true,"jetpack_social_options":{"image_generator_settings":{"template":"highway","default_image_id":0,"font":"","enabled":false},"version":2}},"categories":[4],"tags":[],"class_list":["post-48960","post","type-post","status-publish","format-standard","has-post-thumbnail","hentry","category-nacional"],"jetpack_publicize_connections":[],"jetpack_featured_media_url":"https:\/\/noticiasveracruz.com\/wp-content\/uploads\/2025\/01\/san-lazaro.jpg","jetpack_sharing_enabled":true,"publishpress_future_action":{"enabled":false,"date":"2026-05-08 12:36:21","action":"change-status","newStatus":"draft","terms":[],"taxonomy":"category","extraData":[]},"publishpress_future_workflow_manual_trigger":{"enabledWorkflows":[]},"_links":{"self":[{"href":"https:\/\/noticiasveracruz.com\/index.php\/wp-json\/wp\/v2\/posts\/48960","targetHints":{"allow":["GET"]}}],"collection":[{"href":"https:\/\/noticiasveracruz.com\/index.php\/wp-json\/wp\/v2\/posts"}],"about":[{"href":"https:\/\/noticiasveracruz.com\/index.php\/wp-json\/wp\/v2\/types\/post"}],"author":[{"embeddable":true,"href":"https:\/\/noticiasveracruz.com\/index.php\/wp-json\/wp\/v2\/users\/4"}],"replies":[{"embeddable":true,"href":"https:\/\/noticiasveracruz.com\/index.php\/wp-json\/wp\/v2\/comments?post=48960"}],"version-history":[{"count":0,"href":"https:\/\/noticiasveracruz.com\/index.php\/wp-json\/wp\/v2\/posts\/48960\/revisions"}],"wp:featuredmedia":[{"embeddable":true,"href":"https:\/\/noticiasveracruz.com\/index.php\/wp-json\/wp\/v2\/media\/48961"}],"wp:attachment":[{"href":"https:\/\/noticiasveracruz.com\/index.php\/wp-json\/wp\/v2\/media?parent=48960"}],"wp:term":[{"taxonomy":"category","embeddable":true,"href":"https:\/\/noticiasveracruz.com\/index.php\/wp-json\/wp\/v2\/categories?post=48960"},{"taxonomy":"post_tag","embeddable":true,"href":"https:\/\/noticiasveracruz.com\/index.php\/wp-json\/wp\/v2\/tags?post=48960"}],"curies":[{"name":"wp","href":"https:\/\/api.w.org\/{rel}","templated":true}]}}