{"id":48957,"date":"2025-01-28T00:13:45","date_gmt":"2025-01-28T06:13:45","guid":{"rendered":"https:\/\/noticiasveracruz.com\/?p=48957"},"modified":"2025-01-28T00:13:45","modified_gmt":"2025-01-28T06:13:45","slug":"panistas-protestan-frente-a-la-sede-de-infonavit","status":"publish","type":"post","link":"https:\/\/noticiasveracruz.com\/index.php\/2025\/01\/28\/panistas-protestan-frente-a-la-sede-de-infonavit\/","title":{"rendered":"Panistas protestan frente a la sede de Infonavit"},"content":{"rendered":"<p>Frente a la sede del Infonavit, cerca de un centenar de panistas, entre simpatizantes e integrantes de su dirigencia nacional, cerraron este lunes por m\u00e1s de media hora la avenida Barranca del Muerto en protesta por la reforma a la Ley del Infonavit que se debate en el Congreso de la Uni\u00f3n.<\/p>\n<p>El presidente del partido, Jorge Romero, sostuvo que \u201cel robo a los trabajadores amerita entonces acciones de resistencia civil pac\u00edfica\u201d, a la vez que automovilistas que tuvieron que quedar varados, se mostraron molestos por el corte. Tambi\u00e9n, usuarios de transporte p\u00fablico que transitaba por esta vialidad, bajaron de los microbuses y siguieron su recorrido a pie con direcci\u00f3n a la avenida Insurgentes.<\/p>\n<p>Rumbo a la discusi\u00f3n de la iniciativa en San L\u00e1zaro, donde las comisiones unidas de Vivienda y Trabajo ya avalaron un dictamen que se perfila discutir en el Pleno el pr\u00f3ximo 1 de febrero, pero con cambios respecto a la minuta que aprob\u00f3 el Senado, el panista dijo que est\u00e1n conscientes en el blanquiazul de los n\u00fameros al momento de las votaciones, pero afirm\u00f3 que dar\u00e1n el debate.<\/p>\n<p>Sobre la reforma al Infonavit, con la que se busca autorizar la construcci\u00f3n de vivienda por medio de una empresa filial del instituto, insisti\u00f3 que los recursos de las aportaciones y ahorros de los derechohabientes no pueden usarse para otros fines.<\/p>\n<p>\u201cMorena le est\u00e1 robando el dinero a la gente y el s\u00e1bado nos van a escuchar una y otra vez, porque aqu\u00ed en China quien permite un robo es c\u00f3mplice de un ladr\u00f3n y las diputadas y diputados que aprueben esta porquer\u00eda ser\u00e1n c\u00f3mplices del robo m\u00e1s grande a las familias mexicanas\u201d, se\u00f1al\u00f3 Romero Herrera, quien asever\u00f3 que con esta iniciativa, los trabajadores que reciban un financiamiento del Instituto s\u00f3lo lo podr\u00e1n usar \u201cpara comprar en donde Morena construya, y eso es en contra de la libertad de la gente\u201d.<\/p>\n<p>Mientras el dirigente partidario, junto con la senadora Guadalupe Murgu\u00eda y el diputado Jos\u00e9 El\u00edas Lixa, ofrec\u00edan un mensaje poco antes del mediod\u00eda en las escaleras de acceso a la sede del Infonavit frente a un grupo de simpatizantes, en la avenida, unas cincuenta personas se encargaron de cerrar el paso vehicular y colocar mantas y pancartas con consignas en contra del partido guinda y de la propuesta.<\/p>\n","protected":false},"excerpt":{"rendered":"<p>Frente a la sede del Infonavit, cerca de un centenar de panistas, entre simpatizantes e integrantes de su dirigencia nacional,<\/p>\n","protected":false},"author":4,"featured_media":48958,"comment_status":"closed","ping_status":"closed","sticky":false,"template":"","format":"standard","meta":{"colormag_page_container_layout":"default_layout","colormag_page_sidebar_layout":"default_layout","_jetpack_memberships_contains_paid_content":false,"footnotes":"","jetpack_publicize_message":"","jetpack_publicize_feature_enabled":true,"jetpack_social_post_already_shared":true,"jetpack_social_options":{"image_generator_settings":{"template":"highway","default_image_id":0,"font":"","enabled":false},"version":2}},"categories":[4],"tags":[],"class_list":["post-48957","post","type-post","status-publish","format-standard","has-post-thumbnail","hentry","category-nacional"],"jetpack_publicize_connections":[],"jetpack_featured_media_url":"https:\/\/noticiasveracruz.com\/wp-content\/uploads\/2025\/01\/AA1xY8V5.jpg","jetpack_sharing_enabled":true,"publishpress_future_action":{"enabled":false,"date":"2026-05-08 11:40:14","action":"change-status","newStatus":"draft","terms":[],"taxonomy":"category","extraData":[]},"publishpress_future_workflow_manual_trigger":{"enabledWorkflows":[]},"_links":{"self":[{"href":"https:\/\/noticiasveracruz.com\/index.php\/wp-json\/wp\/v2\/posts\/48957","targetHints":{"allow":["GET"]}}],"collection":[{"href":"https:\/\/noticiasveracruz.com\/index.php\/wp-json\/wp\/v2\/posts"}],"about":[{"href":"https:\/\/noticiasveracruz.com\/index.php\/wp-json\/wp\/v2\/types\/post"}],"author":[{"embeddable":true,"href":"https:\/\/noticiasveracruz.com\/index.php\/wp-json\/wp\/v2\/users\/4"}],"replies":[{"embeddable":true,"href":"https:\/\/noticiasveracruz.com\/index.php\/wp-json\/wp\/v2\/comments?post=48957"}],"version-history":[{"count":0,"href":"https:\/\/noticiasveracruz.com\/index.php\/wp-json\/wp\/v2\/posts\/48957\/revisions"}],"wp:featuredmedia":[{"embeddable":true,"href":"https:\/\/noticiasveracruz.com\/index.php\/wp-json\/wp\/v2\/media\/48958"}],"wp:attachment":[{"href":"https:\/\/noticiasveracruz.com\/index.php\/wp-json\/wp\/v2\/media?parent=48957"}],"wp:term":[{"taxonomy":"category","embeddable":true,"href":"https:\/\/noticiasveracruz.com\/index.php\/wp-json\/wp\/v2\/categories?post=48957"},{"taxonomy":"post_tag","embeddable":true,"href":"https:\/\/noticiasveracruz.com\/index.php\/wp-json\/wp\/v2\/tags?post=48957"}],"curies":[{"name":"wp","href":"https:\/\/api.w.org\/{rel}","templated":true}]}}