{"id":48954,"date":"2025-01-28T00:11:58","date_gmt":"2025-01-28T06:11:58","guid":{"rendered":"https:\/\/noticiasveracruz.com\/?p=48954"},"modified":"2025-01-28T00:11:58","modified_gmt":"2025-01-28T06:11:58","slug":"renuncian-los-cinco-integrantes-del-comite-de-evaluacion-del-pjf","status":"publish","type":"post","link":"https:\/\/noticiasveracruz.com\/index.php\/2025\/01\/28\/renuncian-los-cinco-integrantes-del-comite-de-evaluacion-del-pjf\/","title":{"rendered":"Renuncian los cinco integrantes del Comit\u00e9 de Evaluaci\u00f3n del PJF"},"content":{"rendered":"<p class=\"western\">Los cinco integrantes del Comit\u00e9 de Evaluaci\u00f3n del Poder Judicial de la Federaci\u00f3n (PJF) presentaron este lunes su renuncia al cargo, luego de que el Tribunal Electoral del Poder Judicial de la Federaci\u00f3n (TEPJF) orden\u00f3 que el Senado de la Rep\u00fablica asuma la tarea de ese \u00f3rgano sobre la selecci\u00f3n de candidatos id\u00f3neos para la elecci\u00f3n judicial del 1 de junio de este a\u00f1o.<\/p>\n<p class=\"western\">M\u00f3nica Gonz\u00e1lez Contr\u00f3, Emma Meza Fonseca, Mar\u00eda Emilia Molina de la Puente, Wilfrido Casta\u00f1\u00f3n Le\u00f3n y Luis Enrique Pereda Trejo presentaron su renuncia a trav\u00e9s de una carta dirigida al Pleno de la Suprema Corte de Justicia de la Naci\u00f3n (SCJN).<\/p>\n<p class=\"western\">\u201cPor medio de este escrito, presentamos nuestra renuncia con car\u00e1cter inmediato e irrevocable al Comit\u00e9 de Evaluaci\u00f3n del Poder Judicial de la Federaci\u00f3n. Lo anterior debido a la imposibilidad jur\u00eddica de continuar con el proceso que fue encomendado a este cuerpo colegiado\u201d.<\/p>\n<p class=\"western\">\u201cAceptamos el cargo de integrantes del Comit\u00e9 con la convicci\u00f3n de que \u00e9ste podr\u00eda constituir un espacio importante para garantizar la llegada de perfiles profesionales al proceso de elecci\u00f3n, derivado de la reforma constitucional al Poder Judicial\u201d, se\u00f1alan.<\/p>\n<p class=\"western\">Resaltaron que a partir de la instalaci\u00f3n del Comit\u00e9 se inici\u00f3 una fuerte agenda de actividades, dirigida a seleccionar a los mejores perfiles de entre m\u00e1s de tres mil aspirantes que se inscribieron al proceso; solo mil 53 pasaron al segundo filtro.<\/p>\n<p class=\"western\">Sin embargo, detuvieron el proceso de selecci\u00f3n el pasado 7 de enero en acato a una suspensi\u00f3n definitiva, emitida por un juez federal de Michoac\u00e1n. La semana pasada, el TEPJF orden\u00f3 al Comit\u00e9 reiniciar las labores, decidieron no hacerlo e interpusieron un recurso de resoluci\u00f3n de controversias ante la Corte, para que esa instancia decida cu\u00e1l de las \u00f3rdenes se deb\u00eda acatar, la del Tribunal o la del juez federal.<\/p>\n<p class=\"western\">\u201cNo tenemos sino palabras de agradecimiento para las y los ministros, as\u00ed como para el equipo de apoyo por su comprometida labor durante estas semanas.<\/p>\n<p class=\"western\">Hoy percibimos inviable la tarea constitucional que nos fue encomendada.<\/p>\n<p class=\"western\">Agradecemos la oportunidad de haber participado en este ejercicio y reiteramos nuestro compromiso por continuar trabajando por los derechos humanos, la democracia y el Estado constitucional de derecho\u201d, concluyeron los integrantes del Comit\u00e9.<\/p>\n","protected":false},"excerpt":{"rendered":"<p>Los cinco integrantes del Comit\u00e9 de Evaluaci\u00f3n del Poder Judicial de la Federaci\u00f3n (PJF) presentaron este lunes su renuncia al<\/p>\n","protected":false},"author":4,"featured_media":48955,"comment_status":"closed","ping_status":"closed","sticky":false,"template":"","format":"standard","meta":{"colormag_page_container_layout":"default_layout","colormag_page_sidebar_layout":"default_layout","_jetpack_memberships_contains_paid_content":false,"footnotes":"","jetpack_publicize_message":"","jetpack_publicize_feature_enabled":true,"jetpack_social_post_already_shared":true,"jetpack_social_options":{"image_generator_settings":{"template":"highway","default_image_id":0,"font":"","enabled":false},"version":2}},"categories":[4],"tags":[],"class_list":["post-48954","post","type-post","status-publish","format-standard","has-post-thumbnail","hentry","category-nacional"],"jetpack_publicize_connections":[],"jetpack_featured_media_url":"https:\/\/noticiasveracruz.com\/wp-content\/uploads\/2025\/01\/pjf.png","jetpack_sharing_enabled":true,"publishpress_future_action":{"enabled":false,"date":"2026-05-08 10:42:52","action":"change-status","newStatus":"draft","terms":[],"taxonomy":"category","extraData":[]},"publishpress_future_workflow_manual_trigger":{"enabledWorkflows":[]},"_links":{"self":[{"href":"https:\/\/noticiasveracruz.com\/index.php\/wp-json\/wp\/v2\/posts\/48954","targetHints":{"allow":["GET"]}}],"collection":[{"href":"https:\/\/noticiasveracruz.com\/index.php\/wp-json\/wp\/v2\/posts"}],"about":[{"href":"https:\/\/noticiasveracruz.com\/index.php\/wp-json\/wp\/v2\/types\/post"}],"author":[{"embeddable":true,"href":"https:\/\/noticiasveracruz.com\/index.php\/wp-json\/wp\/v2\/users\/4"}],"replies":[{"embeddable":true,"href":"https:\/\/noticiasveracruz.com\/index.php\/wp-json\/wp\/v2\/comments?post=48954"}],"version-history":[{"count":0,"href":"https:\/\/noticiasveracruz.com\/index.php\/wp-json\/wp\/v2\/posts\/48954\/revisions"}],"wp:featuredmedia":[{"embeddable":true,"href":"https:\/\/noticiasveracruz.com\/index.php\/wp-json\/wp\/v2\/media\/48955"}],"wp:attachment":[{"href":"https:\/\/noticiasveracruz.com\/index.php\/wp-json\/wp\/v2\/media?parent=48954"}],"wp:term":[{"taxonomy":"category","embeddable":true,"href":"https:\/\/noticiasveracruz.com\/index.php\/wp-json\/wp\/v2\/categories?post=48954"},{"taxonomy":"post_tag","embeddable":true,"href":"https:\/\/noticiasveracruz.com\/index.php\/wp-json\/wp\/v2\/tags?post=48954"}],"curies":[{"name":"wp","href":"https:\/\/api.w.org\/{rel}","templated":true}]}}