{"id":48951,"date":"2025-01-28T00:04:57","date_gmt":"2025-01-28T06:04:57","guid":{"rendered":"https:\/\/noticiasveracruz.com\/?p=48951"},"modified":"2025-01-27T23:52:39","modified_gmt":"2025-01-28T05:52:39","slug":"campo-clave-para-reintegrar-a-migrantes","status":"publish","type":"post","link":"https:\/\/noticiasveracruz.com\/index.php\/2025\/01\/28\/campo-clave-para-reintegrar-a-migrantes\/","title":{"rendered":"Campo, clave para reintegrar a migrantes"},"content":{"rendered":"<p>El Gobierno del Estado implementar\u00e1 acciones para apoyar a los paisanos deportados de Estados Unidos, en respuesta a las recientes pol\u00edticas migratorias de ese pa\u00eds.<\/p>\n<p>En entrevista con Oliva Noticias, la gobernadora Roc\u00edo Nahle Garc\u00eda subray\u00f3 la importancia de actuar con prontitud y sensibilidad, reiterando su compromiso con el programa M\u00e9xico te abraza, impulsado por la presidenta Claudia Sheinbaum Pardo.<\/p>\n<p>\u201cTenemos que ser capaces de ofrecerles opciones, y el campo es el principal sector en el que debemos enfocarnos\u201d, destac\u00f3 la Mandataria, se\u00f1alando que su administraci\u00f3n est\u00e1 redise\u00f1ando y fortaleciendo proyectos agropecuarios para incrementar la producci\u00f3n y generar empleos en las zonas rurales.<\/p>\n<p>Record\u00f3 que desde diciembre su gobierno trabaja de manera puntual con la Secretar\u00eda de Desarrollo Agropecuario, Rural y Pesca para planificar la pr\u00f3xima temporada de siembra, que inicia en abril, priorizando cultivos estrat\u00e9gicos como el ma\u00edz.<\/p>\n<p>\u201cContamos con una tierra privilegiada, y al aumentar nuestra producci\u00f3n, no solo apoyamos a los migrantes, sino que tambi\u00e9n creamos m\u00e1s oportunidades de empleo para los j\u00f3venes\u201d, puntualiz\u00f3.<\/p>\n<p>Asimismo, Nahle Garc\u00eda destac\u00f3 que el programa M\u00e9xico te abraza garantiza que los migrantes, al llegar a sus comunidades, puedan acceder a recursos b\u00e1sicos, incluyendo la entrega inmediata de una tarjeta del Bienestar.<\/p>\n<p>\u201cVeracruz es su casa, y es nuestra responsabilidad, como parte del humanismo mexicano, recibirlos y apoyarlos con todo lo que est\u00e9 a nuestro alcance\u201d, concluy\u00f3.<\/p>\n","protected":false},"excerpt":{"rendered":"<p>El Gobierno del Estado implementar\u00e1 acciones para apoyar a los paisanos deportados de Estados Unidos, en respuesta a las recientes<\/p>\n","protected":false},"author":4,"featured_media":48952,"comment_status":"closed","ping_status":"closed","sticky":false,"template":"","format":"standard","meta":{"colormag_page_container_layout":"default_layout","colormag_page_sidebar_layout":"default_layout","_jetpack_memberships_contains_paid_content":false,"footnotes":"","jetpack_publicize_message":"","jetpack_publicize_feature_enabled":true,"jetpack_social_post_already_shared":true,"jetpack_social_options":{"image_generator_settings":{"template":"highway","default_image_id":0,"font":"","enabled":false},"version":2}},"categories":[356],"tags":[],"class_list":["post-48951","post","type-post","status-publish","format-standard","has-post-thumbnail","hentry","category-veracruz"],"jetpack_publicize_connections":[],"jetpack_featured_media_url":"https:\/\/noticiasveracruz.com\/wp-content\/uploads\/2025\/01\/8b-12.jpg","jetpack_sharing_enabled":true,"publishpress_future_action":{"enabled":false,"date":"2026-05-08 09:51:29","action":"change-status","newStatus":"draft","terms":[],"taxonomy":"category","extraData":[]},"publishpress_future_workflow_manual_trigger":{"enabledWorkflows":[]},"_links":{"self":[{"href":"https:\/\/noticiasveracruz.com\/index.php\/wp-json\/wp\/v2\/posts\/48951","targetHints":{"allow":["GET"]}}],"collection":[{"href":"https:\/\/noticiasveracruz.com\/index.php\/wp-json\/wp\/v2\/posts"}],"about":[{"href":"https:\/\/noticiasveracruz.com\/index.php\/wp-json\/wp\/v2\/types\/post"}],"author":[{"embeddable":true,"href":"https:\/\/noticiasveracruz.com\/index.php\/wp-json\/wp\/v2\/users\/4"}],"replies":[{"embeddable":true,"href":"https:\/\/noticiasveracruz.com\/index.php\/wp-json\/wp\/v2\/comments?post=48951"}],"version-history":[{"count":0,"href":"https:\/\/noticiasveracruz.com\/index.php\/wp-json\/wp\/v2\/posts\/48951\/revisions"}],"wp:featuredmedia":[{"embeddable":true,"href":"https:\/\/noticiasveracruz.com\/index.php\/wp-json\/wp\/v2\/media\/48952"}],"wp:attachment":[{"href":"https:\/\/noticiasveracruz.com\/index.php\/wp-json\/wp\/v2\/media?parent=48951"}],"wp:term":[{"taxonomy":"category","embeddable":true,"href":"https:\/\/noticiasveracruz.com\/index.php\/wp-json\/wp\/v2\/categories?post=48951"},{"taxonomy":"post_tag","embeddable":true,"href":"https:\/\/noticiasveracruz.com\/index.php\/wp-json\/wp\/v2\/tags?post=48951"}],"curies":[{"name":"wp","href":"https:\/\/api.w.org\/{rel}","templated":true}]}}