{"id":48948,"date":"2025-01-28T00:03:03","date_gmt":"2025-01-28T06:03:03","guid":{"rendered":"https:\/\/noticiasveracruz.com\/?p=48948"},"modified":"2025-01-27T23:51:44","modified_gmt":"2025-01-28T05:51:44","slug":"sev-fortalece-gestion","status":"publish","type":"post","link":"https:\/\/noticiasveracruz.com\/index.php\/2025\/01\/28\/sev-fortalece-gestion\/","title":{"rendered":"SEV fortalece gesti\u00f3n"},"content":{"rendered":"<p>Como parte de los esfuerzos del Gobierno del Estado, la Secretar\u00eda de Educaci\u00f3n de Veracruz (SEV) desarrolla mesas de trabajo permanentes orientadas a fortalecer la planeaci\u00f3n y el orden administrativo, con miras a lograr mejores condiciones para el personal y la comunidad estudiantil.<\/p>\n<p>En este contexto, la secretaria de Educaci\u00f3n, Claudia Tello Espinosa, sostuvo una reuni\u00f3n de trabajo con la oficial mayor, Mar\u00eda Esther Reyes Gonz\u00e1lez, abordando diversos temas estrat\u00e9gicos relacionados con la gesti\u00f3n administrativa.<\/p>\n<p>Con un enfoque claro en la colaboraci\u00f3n interinstitucional, impulsa acciones concretas para garantizar una administraci\u00f3n eficiente y responsable, en l\u00ednea con los principios de transparencia y excelencia educativa.<\/p>\n<p>A casi dos meses de su nombramiento, la titular de la SEV mantiene encuentros peri\u00f3dicos con las y los responsables de las diferentes \u00e1reas, para la consolidaci\u00f3n el compromiso con la legalidad, la organizaci\u00f3n y el servicio p\u00fablico.<\/p>\n<p>\u00abEs prioridad mantener el orden, dar resultados inmediatos y tener claro que al trabajar en equipo y con el mismo objetivo, escalamos hacia la excelencia educativa en la rendici\u00f3n de cuentas dentro de la administraci\u00f3n p\u00fablica\u00bb, puntualiz\u00f3.<\/p>\n","protected":false},"excerpt":{"rendered":"<p>Como parte de los esfuerzos del Gobierno del Estado, la Secretar\u00eda de Educaci\u00f3n de Veracruz (SEV) desarrolla mesas de trabajo<\/p>\n","protected":false},"author":4,"featured_media":48949,"comment_status":"closed","ping_status":"closed","sticky":false,"template":"","format":"standard","meta":{"colormag_page_container_layout":"default_layout","colormag_page_sidebar_layout":"default_layout","_jetpack_memberships_contains_paid_content":false,"footnotes":"","jetpack_publicize_message":"","jetpack_publicize_feature_enabled":true,"jetpack_social_post_already_shared":true,"jetpack_social_options":{"image_generator_settings":{"template":"highway","default_image_id":0,"font":"","enabled":false},"version":2}},"categories":[356],"tags":[],"class_list":["post-48948","post","type-post","status-publish","format-standard","has-post-thumbnail","hentry","category-veracruz"],"jetpack_publicize_connections":[],"jetpack_featured_media_url":"https:\/\/noticiasveracruz.com\/wp-content\/uploads\/2025\/01\/8c-6.jpg","jetpack_sharing_enabled":true,"publishpress_future_action":{"enabled":false,"date":"2026-05-08 09:05:49","action":"change-status","newStatus":"draft","terms":[],"taxonomy":"category","extraData":[]},"publishpress_future_workflow_manual_trigger":{"enabledWorkflows":[]},"_links":{"self":[{"href":"https:\/\/noticiasveracruz.com\/index.php\/wp-json\/wp\/v2\/posts\/48948","targetHints":{"allow":["GET"]}}],"collection":[{"href":"https:\/\/noticiasveracruz.com\/index.php\/wp-json\/wp\/v2\/posts"}],"about":[{"href":"https:\/\/noticiasveracruz.com\/index.php\/wp-json\/wp\/v2\/types\/post"}],"author":[{"embeddable":true,"href":"https:\/\/noticiasveracruz.com\/index.php\/wp-json\/wp\/v2\/users\/4"}],"replies":[{"embeddable":true,"href":"https:\/\/noticiasveracruz.com\/index.php\/wp-json\/wp\/v2\/comments?post=48948"}],"version-history":[{"count":0,"href":"https:\/\/noticiasveracruz.com\/index.php\/wp-json\/wp\/v2\/posts\/48948\/revisions"}],"wp:featuredmedia":[{"embeddable":true,"href":"https:\/\/noticiasveracruz.com\/index.php\/wp-json\/wp\/v2\/media\/48949"}],"wp:attachment":[{"href":"https:\/\/noticiasveracruz.com\/index.php\/wp-json\/wp\/v2\/media?parent=48948"}],"wp:term":[{"taxonomy":"category","embeddable":true,"href":"https:\/\/noticiasveracruz.com\/index.php\/wp-json\/wp\/v2\/categories?post=48948"},{"taxonomy":"post_tag","embeddable":true,"href":"https:\/\/noticiasveracruz.com\/index.php\/wp-json\/wp\/v2\/tags?post=48948"}],"curies":[{"name":"wp","href":"https:\/\/api.w.org\/{rel}","templated":true}]}}