{"id":48942,"date":"2025-01-28T00:01:02","date_gmt":"2025-01-28T06:01:02","guid":{"rendered":"https:\/\/noticiasveracruz.com\/?p=48942"},"modified":"2025-01-27T23:49:55","modified_gmt":"2025-01-28T05:49:55","slug":"instalan-consejo-estatal-de-participacion-social","status":"publish","type":"post","link":"https:\/\/noticiasveracruz.com\/index.php\/2025\/01\/28\/instalan-consejo-estatal-de-participacion-social\/","title":{"rendered":"Instalan Consejo Estatal de Participaci\u00f3n Social"},"content":{"rendered":"<p>Los nuevos integrantes del Consejo Estatal de Participaci\u00f3n Social en la Educaci\u00f3n (CEPS) para el periodo 2025-2027, se comprometieron a fomentar acciones de salud, seguridad y bienestar, en favor del desarrollo f\u00edsico e intelectual de la ni\u00f1ez en los 17 mil planteles del nivel b\u00e1sico.<\/p>\n<p>Con la instalaci\u00f3n y toma de protesta a los nuevos miembros, la Secretar\u00eda de Educaci\u00f3n de Veracruz (SEV), involucra al personal docente, directivo, madres y padres de familia, creando actividades encaminadas a la excelencia educativa, inclusiva, democr\u00e1tica y transparente, as\u00ed como para trabajar en beneficio de las comunidades escolares.<\/p>\n<p>Dicha vinculaci\u00f3n social ser\u00e1 fortalecida a trav\u00e9s de la Coordinaci\u00f3n Ejecutiva del Consejo Estatal de Participaci\u00f3n Social en la Educaci\u00f3n (CECONEPASE), al establecer las relaciones necesarias que permitan lograr los objetivos educativos.<\/p>\n<p>La titular de la SEV, Claudia Tello Espinosa, reiter\u00f3 el compromiso y disposici\u00f3n de la dependencia para brindar atenci\u00f3n a la ciudadan\u00eda, \u2013una de las prioridades de la gobernadora Roc\u00edo Nahle Garc\u00eda\u2013 y record\u00f3 la L\u00ednea Educativa Ciudadana 228 841 7777, a fin de acercar y brindar atenci\u00f3n a cualquier problem\u00e1tica o inquietud.<\/p>\n<p>Como presidenta del Consejo Estatal de Participaci\u00f3n Social en la Educaci\u00f3n rindi\u00f3 protesta Elizabet Fern\u00e1ndez Torres; acompa\u00f1ada del titular de la CECONEPASE, Benito Ram\u00edrez Mir\u00f3n; as\u00ed como subsecretarios y autoridades educativas.<\/p>\n<p>Entre los testigos de honor, estuvieron el diputado presidente de la Comisi\u00f3n de Educaci\u00f3n y Cultura del Congreso local, Jos\u00e9 Reveriano Mar\u00edn Hern\u00e1ndez, y en representaci\u00f3n del Poder Judicial del Estado, Lilia Ram\u00edrez Carrera.<\/p>\n","protected":false},"excerpt":{"rendered":"<p>Los nuevos integrantes del Consejo Estatal de Participaci\u00f3n Social en la Educaci\u00f3n (CEPS) para el periodo 2025-2027, se comprometieron a<\/p>\n","protected":false},"author":4,"featured_media":48943,"comment_status":"closed","ping_status":"closed","sticky":false,"template":"","format":"standard","meta":{"colormag_page_container_layout":"default_layout","colormag_page_sidebar_layout":"default_layout","_jetpack_memberships_contains_paid_content":false,"footnotes":"","jetpack_publicize_message":"","jetpack_publicize_feature_enabled":true,"jetpack_social_post_already_shared":true,"jetpack_social_options":{"image_generator_settings":{"template":"highway","default_image_id":0,"font":"","enabled":false},"version":2}},"categories":[356],"tags":[],"class_list":["post-48942","post","type-post","status-publish","format-standard","has-post-thumbnail","hentry","category-veracruz"],"jetpack_publicize_connections":[],"jetpack_featured_media_url":"https:\/\/noticiasveracruz.com\/wp-content\/uploads\/2025\/01\/9b-9.jpg","jetpack_sharing_enabled":true,"publishpress_future_action":{"enabled":false,"date":"2026-05-08 08:01:44","action":"change-status","newStatus":"draft","terms":[],"taxonomy":"category","extraData":[]},"publishpress_future_workflow_manual_trigger":{"enabledWorkflows":[]},"_links":{"self":[{"href":"https:\/\/noticiasveracruz.com\/index.php\/wp-json\/wp\/v2\/posts\/48942","targetHints":{"allow":["GET"]}}],"collection":[{"href":"https:\/\/noticiasveracruz.com\/index.php\/wp-json\/wp\/v2\/posts"}],"about":[{"href":"https:\/\/noticiasveracruz.com\/index.php\/wp-json\/wp\/v2\/types\/post"}],"author":[{"embeddable":true,"href":"https:\/\/noticiasveracruz.com\/index.php\/wp-json\/wp\/v2\/users\/4"}],"replies":[{"embeddable":true,"href":"https:\/\/noticiasveracruz.com\/index.php\/wp-json\/wp\/v2\/comments?post=48942"}],"version-history":[{"count":0,"href":"https:\/\/noticiasveracruz.com\/index.php\/wp-json\/wp\/v2\/posts\/48942\/revisions"}],"wp:featuredmedia":[{"embeddable":true,"href":"https:\/\/noticiasveracruz.com\/index.php\/wp-json\/wp\/v2\/media\/48943"}],"wp:attachment":[{"href":"https:\/\/noticiasveracruz.com\/index.php\/wp-json\/wp\/v2\/media?parent=48942"}],"wp:term":[{"taxonomy":"category","embeddable":true,"href":"https:\/\/noticiasveracruz.com\/index.php\/wp-json\/wp\/v2\/categories?post=48942"},{"taxonomy":"post_tag","embeddable":true,"href":"https:\/\/noticiasveracruz.com\/index.php\/wp-json\/wp\/v2\/tags?post=48942"}],"curies":[{"name":"wp","href":"https:\/\/api.w.org\/{rel}","templated":true}]}}