{"id":48938,"date":"2025-01-27T23:41:34","date_gmt":"2025-01-28T05:41:34","guid":{"rendered":"https:\/\/noticiasveracruz.com\/?p=48938"},"modified":"2025-01-27T23:41:34","modified_gmt":"2025-01-28T05:41:34","slug":"tienes-algun-problema-con-otra-persona-y-te-interesa-arreglarlo","status":"publish","type":"post","link":"https:\/\/noticiasveracruz.com\/index.php\/2025\/01\/27\/tienes-algun-problema-con-otra-persona-y-te-interesa-arreglarlo\/","title":{"rendered":"\u00bfTienes alg\u00fan problema con otra persona y te interesa arreglarlo?"},"content":{"rendered":"<p>\u00bfTienes alg\u00fan problema con otra persona y te interesa arreglarlo? Resu\u00e9lvelo de manera voluntaria y gratuita en el M\u00f3dulo Itinerante de Mediaci\u00f3n<\/p>\n<p>\u2022 Agenda tu cita a trav\u00e9s de los siguientes n\u00fameros telef\u00f3nicos: 783 83 42573 y 783 110 0009.<\/p>\n<p>Tuxpan, Ver. &#8211; 27 de enero de 2025. El Ayuntamiento de Tuxpan invita a la ciudadan\u00eda al \u201cM\u00f3dulo Itinerante de Justicia Alternativa\u201d, que se llevar\u00e1 a cabo en coordinaci\u00f3n con el Centro Estatal de Justicia Alternativa de Veracruz (CEJAV), el pr\u00f3ximo 7 de febrero, en lo que ser\u00e1 el Juzgado C\u00edvico, en calle Adolfo Ruiz Cortines, esquina con calle Moctezuma s\/n, colonia Del Valle.<\/p>\n<p><img loading=\"lazy\" decoding=\"async\" class=\"alignnone size-medium wp-image-48939\" src=\"http:\/\/noticiasveracruz.com\/wp-content\/uploads\/2025\/01\/WhatsApp-Image-2025-01-27-at-16.06.50-230x300.jpeg\" alt=\"\" width=\"230\" height=\"300\" srcset=\"https:\/\/noticiasveracruz.com\/wp-content\/uploads\/2025\/01\/WhatsApp-Image-2025-01-27-at-16.06.50-230x300.jpeg 230w, https:\/\/noticiasveracruz.com\/wp-content\/uploads\/2025\/01\/WhatsApp-Image-2025-01-27-at-16.06.50-784x1024.jpeg 784w, https:\/\/noticiasveracruz.com\/wp-content\/uploads\/2025\/01\/WhatsApp-Image-2025-01-27-at-16.06.50-768x1003.jpeg 768w, https:\/\/noticiasveracruz.com\/wp-content\/uploads\/2025\/01\/WhatsApp-Image-2025-01-27-at-16.06.50.jpeg 800w\" sizes=\"auto, (max-width: 230px) 100vw, 230px\" \/><\/p>\n<p>Para agendar su cita, pueden comunicarse a la Direcci\u00f3n de Asuntos Jur\u00eddicos del Ayuntamiento de Tuxpan, a trav\u00e9s de los n\u00fameros telef\u00f3nicos 783 83 42573 y 783 110 0009.<\/p>\n<p>La mediaci\u00f3n sirve para que un conflicto entre dos o m\u00e1s personas pueda resolverse de manera voluntaria y gratuita, con la ayuda de un profesional certificado (mediador conciliador).<\/p>\n<p>Entre los problemas que pueden ser mediables son: pensi\u00f3n alimenticia, convivencia familiar, guarda y custodia, divorcio, convivencia entre vecinos, asuntos escolares, deudas, arrendamientos, entre otros.<\/p>\n<p>\u00bfCu\u00e1les son los beneficios? Se logra un acuerdo entre las partes en conflicto de manera r\u00e1pida, sencilla y pac\u00edfica, sin necesidad de acudir a un juicio, evitando un largo y costoso proceso legal.<\/p>\n<p>Los acuerdos se logran a trav\u00e9s del di\u00e1logo entre las partes, asistidas por profesionales capacitados para ayudarles a resolver sus conflictos a trav\u00e9s de la mediaci\u00f3n, conciliaci\u00f3n o justicia restaurativa, con imparcialidad y honestidad.<\/p>\n","protected":false},"excerpt":{"rendered":"<p>\u00bfTienes alg\u00fan problema con otra persona y te interesa arreglarlo? Resu\u00e9lvelo de manera voluntaria y gratuita en el M\u00f3dulo Itinerante<\/p>\n","protected":false},"author":4,"featured_media":48940,"comment_status":"closed","ping_status":"closed","sticky":false,"template":"","format":"standard","meta":{"colormag_page_container_layout":"default_layout","colormag_page_sidebar_layout":"default_layout","_jetpack_memberships_contains_paid_content":false,"footnotes":"","jetpack_publicize_message":"","jetpack_publicize_feature_enabled":true,"jetpack_social_post_already_shared":true,"jetpack_social_options":{"image_generator_settings":{"template":"highway","default_image_id":0,"font":"","enabled":false},"version":2}},"categories":[3372,356],"tags":[],"class_list":["post-48938","post","type-post","status-publish","format-standard","has-post-thumbnail","hentry","category-gobierno-tuxpan","category-veracruz"],"jetpack_publicize_connections":[],"jetpack_featured_media_url":"https:\/\/noticiasveracruz.com\/wp-content\/uploads\/2025\/01\/images-3.jpg","jetpack_sharing_enabled":true,"publishpress_future_action":{"enabled":false,"date":"2026-05-08 06:32:10","action":"change-status","newStatus":"draft","terms":[],"taxonomy":"category","extraData":[]},"publishpress_future_workflow_manual_trigger":{"enabledWorkflows":[]},"_links":{"self":[{"href":"https:\/\/noticiasveracruz.com\/index.php\/wp-json\/wp\/v2\/posts\/48938","targetHints":{"allow":["GET"]}}],"collection":[{"href":"https:\/\/noticiasveracruz.com\/index.php\/wp-json\/wp\/v2\/posts"}],"about":[{"href":"https:\/\/noticiasveracruz.com\/index.php\/wp-json\/wp\/v2\/types\/post"}],"author":[{"embeddable":true,"href":"https:\/\/noticiasveracruz.com\/index.php\/wp-json\/wp\/v2\/users\/4"}],"replies":[{"embeddable":true,"href":"https:\/\/noticiasveracruz.com\/index.php\/wp-json\/wp\/v2\/comments?post=48938"}],"version-history":[{"count":0,"href":"https:\/\/noticiasveracruz.com\/index.php\/wp-json\/wp\/v2\/posts\/48938\/revisions"}],"wp:featuredmedia":[{"embeddable":true,"href":"https:\/\/noticiasveracruz.com\/index.php\/wp-json\/wp\/v2\/media\/48940"}],"wp:attachment":[{"href":"https:\/\/noticiasveracruz.com\/index.php\/wp-json\/wp\/v2\/media?parent=48938"}],"wp:term":[{"taxonomy":"category","embeddable":true,"href":"https:\/\/noticiasveracruz.com\/index.php\/wp-json\/wp\/v2\/categories?post=48938"},{"taxonomy":"post_tag","embeddable":true,"href":"https:\/\/noticiasveracruz.com\/index.php\/wp-json\/wp\/v2\/tags?post=48938"}],"curies":[{"name":"wp","href":"https:\/\/api.w.org\/{rel}","templated":true}]}}