{"id":48935,"date":"2025-01-27T23:38:37","date_gmt":"2025-01-28T05:38:37","guid":{"rendered":"https:\/\/noticiasveracruz.com\/?p=48935"},"modified":"2025-01-27T23:38:37","modified_gmt":"2025-01-28T05:38:37","slug":"feria-del-empleo-en-tuxpan-este-martes-28-de-enero-en-la-plaza-civica-a-partir-de-las-900-horas","status":"publish","type":"post","link":"https:\/\/noticiasveracruz.com\/index.php\/2025\/01\/27\/feria-del-empleo-en-tuxpan-este-martes-28-de-enero-en-la-plaza-civica-a-partir-de-las-900-horas\/","title":{"rendered":"Feria del Empleo en Tuxpan, este martes 28 de enero en la Plaza C\u00edvica, a partir de las 9:00 horas"},"content":{"rendered":"<p>Tuxpan, Ver., 27 de enero de 2025.- El H. Ayuntamiento de Tuxpan, el Servicio Nacional de Empleo y la Secretar\u00eda de Trabajo, Previsi\u00f3n Social y Productividad del estado de Veracruz te hacen una cordial invitaci\u00f3n a la Feria del Empleo Tuxpan 2025, que se realizar\u00e1 este martes 28 de enero.<\/p>\n<p>En la plaza c\u00edvica, de 9:00 a 15:00 horas, representantes de empresas de los sectores industrial, comercial y de servicios ofrecer\u00e1n diversas vacantes a las personas que buscan una oportunidad de trabajo.<\/p>\n<p>Los requisitos que deber\u00e1n presentar los interesados son: solicitud de empleo elaborada y copia de identificaci\u00f3n (credencial de elector).<\/p>\n<p>Esta estrategia fomenta el empleo formal, con el prop\u00f3sito de favorecer el desarrollo econ\u00f3mico del municipio y mejorar la calidad de vida de las familias, a partir de mejores condiciones laborales.<\/p>\n","protected":false},"excerpt":{"rendered":"<p>Tuxpan, Ver., 27 de enero de 2025.- El H. Ayuntamiento de Tuxpan, el Servicio Nacional de Empleo y la Secretar\u00eda<\/p>\n","protected":false},"author":4,"featured_media":48936,"comment_status":"closed","ping_status":"closed","sticky":false,"template":"","format":"standard","meta":{"colormag_page_container_layout":"default_layout","colormag_page_sidebar_layout":"default_layout","_jetpack_memberships_contains_paid_content":false,"footnotes":"","jetpack_publicize_message":"","jetpack_publicize_feature_enabled":true,"jetpack_social_post_already_shared":true,"jetpack_social_options":{"image_generator_settings":{"template":"highway","default_image_id":0,"font":"","enabled":false},"version":2}},"categories":[3372,356],"tags":[],"class_list":["post-48935","post","type-post","status-publish","format-standard","has-post-thumbnail","hentry","category-gobierno-tuxpan","category-veracruz"],"jetpack_publicize_connections":[],"jetpack_featured_media_url":"https:\/\/noticiasveracruz.com\/wp-content\/uploads\/2025\/01\/WhatsApp-Image-2025-01-27-at-13.54.15.jpeg","jetpack_sharing_enabled":true,"publishpress_future_action":{"enabled":false,"date":"2026-05-08 06:31:52","action":"change-status","newStatus":"draft","terms":[],"taxonomy":"category","extraData":[]},"publishpress_future_workflow_manual_trigger":{"enabledWorkflows":[]},"_links":{"self":[{"href":"https:\/\/noticiasveracruz.com\/index.php\/wp-json\/wp\/v2\/posts\/48935","targetHints":{"allow":["GET"]}}],"collection":[{"href":"https:\/\/noticiasveracruz.com\/index.php\/wp-json\/wp\/v2\/posts"}],"about":[{"href":"https:\/\/noticiasveracruz.com\/index.php\/wp-json\/wp\/v2\/types\/post"}],"author":[{"embeddable":true,"href":"https:\/\/noticiasveracruz.com\/index.php\/wp-json\/wp\/v2\/users\/4"}],"replies":[{"embeddable":true,"href":"https:\/\/noticiasveracruz.com\/index.php\/wp-json\/wp\/v2\/comments?post=48935"}],"version-history":[{"count":0,"href":"https:\/\/noticiasveracruz.com\/index.php\/wp-json\/wp\/v2\/posts\/48935\/revisions"}],"wp:featuredmedia":[{"embeddable":true,"href":"https:\/\/noticiasveracruz.com\/index.php\/wp-json\/wp\/v2\/media\/48936"}],"wp:attachment":[{"href":"https:\/\/noticiasveracruz.com\/index.php\/wp-json\/wp\/v2\/media?parent=48935"}],"wp:term":[{"taxonomy":"category","embeddable":true,"href":"https:\/\/noticiasveracruz.com\/index.php\/wp-json\/wp\/v2\/categories?post=48935"},{"taxonomy":"post_tag","embeddable":true,"href":"https:\/\/noticiasveracruz.com\/index.php\/wp-json\/wp\/v2\/tags?post=48935"}],"curies":[{"name":"wp","href":"https:\/\/api.w.org\/{rel}","templated":true}]}}