{"id":48684,"date":"2025-01-24T00:12:11","date_gmt":"2025-01-24T06:12:11","guid":{"rendered":"https:\/\/noticiasveracruz.com\/?p=48684"},"modified":"2025-01-23T22:42:54","modified_gmt":"2025-01-24T04:42:54","slug":"mexico-y-espana-estrechan-lazos-en-cooperacion-turistica","status":"publish","type":"post","link":"https:\/\/noticiasveracruz.com\/index.php\/2025\/01\/24\/mexico-y-espana-estrechan-lazos-en-cooperacion-turistica\/","title":{"rendered":"M\u00e9xico y Espa\u00f1a \u201cestrechan lazos\u201d en cooperaci\u00f3n tur\u00edstica"},"content":{"rendered":"<p>Los gobiernos de M\u00e9xico y Espa\u00f1a estrecharon lazos para trabajar y cooperar en materia tur\u00edstica. La secretaria de Turismo del gobierno federal, Josefina Rodr\u00edguez Zamora, se reuni\u00f3 por primera vez desde que asumi\u00f3 el cargo con su hom\u00f3logo espa\u00f1ol, el socialista Jordi Hereu, en lo que fue la reuni\u00f3n m\u00e1s importante de la funcionaria mexicana con un representante del Ejecutivo espa\u00f1ol, presidido por Pedro S\u00e1nchez.<\/p>\n<p>El encuentro sirvi\u00f3 para tomar un primer contacto y hablar sobre los planes en marcha en materia de promoci\u00f3n tur\u00edstica e intercambios, al defender ambos l\u00edderes pol\u00edticos en que \u201cla hermandad entre ambos pa\u00edses puede beneficiar el crecimiento del sector\u201d. Adem\u00e1s de que ambos recordaron que M\u00e9xico y Espa\u00f1a ser\u00e1n sede de la Copa Mundial de F\u00fatbol, en 2026 y 2030, respectivamente, por lo que acordaron intercambiar experiencias.<\/p>\n<p>Adem\u00e1s, en el marco de la Feria Internacional de Turismo (Fitur), el presidente de recinto ferial Ifema, Jos\u00e9 Vicente de los Mozos, anunci\u00f3 oficialmente que en la edici\u00f3n del pr\u00f3ximo a\u00f1o M\u00e9xico ser\u00e1 \u201cpa\u00eds socio\u201d, para lo que se firm\u00f3 un acuerdo que, a su juicio, \u201cmarca un punto de inflexi\u00f3n en la impresionante trayectoria que M\u00e9xico ha seguido en los \u00faltimos a\u00f1os en el sector tur\u00edstico\u201d, consolid\u00e1ndose como un referente internacional y uno de los destinos m\u00e1s visitados del mundo, habiendo recibido seg\u00fan cifras del Instituto Nacional de Estad\u00edstica y Geograf\u00eda (Inegi) de M\u00e9xico m\u00e1s de 40 millones de turistas internacionales hasta noviembre de 2024.<\/p>\n<p>Desde la secretaria de Turismo se destac\u00f3 que el notable crecimiento de M\u00e9xico coloca al pa\u00eds en una situaci\u00f3n privilegiada para maximizar su presencia en importantes plataformas globales, como Fitur, para presentar a la industria global del turismo y al viajero las vastas riquezas tur\u00edsticas, culturales, patrimoniales y gastron\u00f3micas de sus 32 estados y 177 Pueblos M\u00e1gicos. Rodr\u00edguez Zamora apunt\u00f3 que \u201cla grandeza de M\u00e9xico se extiende por todo el mundo y hoy anunciamos que M\u00e9xico ser\u00e1 pa\u00eds invitado para FITUR2026. Lo m\u00e1s importante es que hoy no llegamos solos, llegan todas y todos, artesanos, danzantes, cocineras tradicionales, empresarios, 32 Estados y sus pueblos m\u00e1gicos y originarios. A trav\u00e9s del turismo construimos puentes entre las naciones hermanas, generamos prosperidad compartida para todos impulsando el desarrollo de las comunidades y su gente.\u201d<\/p>\n<p>El presidente de Ifema adem\u00e1s advirti\u00f3 que \u201cesta alianza estrecha los lazos entre Espa\u00f1a y M\u00e9xico y significa, adem\u00e1s, el inicio de un ejercicio apasionante en el que sumaremos esfuerzos para apoyar la promoci\u00f3n de la vasta riqueza tur\u00edstica de M\u00e9xico en Fitur\u201d.<\/p>\n","protected":false},"excerpt":{"rendered":"<p>Los gobiernos de M\u00e9xico y Espa\u00f1a estrecharon lazos para trabajar y cooperar en materia tur\u00edstica. La secretaria de Turismo del<\/p>\n","protected":false},"author":4,"featured_media":48685,"comment_status":"closed","ping_status":"closed","sticky":false,"template":"","format":"standard","meta":{"colormag_page_container_layout":"default_layout","colormag_page_sidebar_layout":"default_layout","_jetpack_memberships_contains_paid_content":false,"footnotes":"","jetpack_publicize_message":"","jetpack_publicize_feature_enabled":true,"jetpack_social_post_already_shared":true,"jetpack_social_options":{"image_generator_settings":{"template":"highway","default_image_id":0,"font":"","enabled":false},"version":2}},"categories":[1947],"tags":[],"class_list":["post-48684","post","type-post","status-publish","format-standard","has-post-thumbnail","hentry","category-economia"],"jetpack_publicize_connections":[],"jetpack_featured_media_url":"https:\/\/noticiasveracruz.com\/wp-content\/uploads\/2025\/01\/IMG-20250123-WA0029-scaled-1.jpg","jetpack_sharing_enabled":true,"publishpress_future_action":{"enabled":false,"date":"2026-05-10 10:06:54","action":"change-status","newStatus":"draft","terms":[],"taxonomy":"category","extraData":[]},"publishpress_future_workflow_manual_trigger":{"enabledWorkflows":[]},"_links":{"self":[{"href":"https:\/\/noticiasveracruz.com\/index.php\/wp-json\/wp\/v2\/posts\/48684","targetHints":{"allow":["GET"]}}],"collection":[{"href":"https:\/\/noticiasveracruz.com\/index.php\/wp-json\/wp\/v2\/posts"}],"about":[{"href":"https:\/\/noticiasveracruz.com\/index.php\/wp-json\/wp\/v2\/types\/post"}],"author":[{"embeddable":true,"href":"https:\/\/noticiasveracruz.com\/index.php\/wp-json\/wp\/v2\/users\/4"}],"replies":[{"embeddable":true,"href":"https:\/\/noticiasveracruz.com\/index.php\/wp-json\/wp\/v2\/comments?post=48684"}],"version-history":[{"count":0,"href":"https:\/\/noticiasveracruz.com\/index.php\/wp-json\/wp\/v2\/posts\/48684\/revisions"}],"wp:featuredmedia":[{"embeddable":true,"href":"https:\/\/noticiasveracruz.com\/index.php\/wp-json\/wp\/v2\/media\/48685"}],"wp:attachment":[{"href":"https:\/\/noticiasveracruz.com\/index.php\/wp-json\/wp\/v2\/media?parent=48684"}],"wp:term":[{"taxonomy":"category","embeddable":true,"href":"https:\/\/noticiasveracruz.com\/index.php\/wp-json\/wp\/v2\/categories?post=48684"},{"taxonomy":"post_tag","embeddable":true,"href":"https:\/\/noticiasveracruz.com\/index.php\/wp-json\/wp\/v2\/tags?post=48684"}],"curies":[{"name":"wp","href":"https:\/\/api.w.org\/{rel}","templated":true}]}}