{"id":48681,"date":"2025-01-24T00:11:03","date_gmt":"2025-01-24T06:11:03","guid":{"rendered":"https:\/\/noticiasveracruz.com\/?p=48681"},"modified":"2025-01-23T22:41:03","modified_gmt":"2025-01-24T04:41:03","slug":"seguiran-operativos-contra-mercancia-ilegal-de-asia-santiago-nieto","status":"publish","type":"post","link":"https:\/\/noticiasveracruz.com\/index.php\/2025\/01\/24\/seguiran-operativos-contra-mercancia-ilegal-de-asia-santiago-nieto\/","title":{"rendered":"Seguir\u00e1n operativos contra mercanc\u00eda ilegal de Asia: Santiago Nieto"},"content":{"rendered":"<p>Santiago Nieto Castillo, director general del Instituto Mexicano de la Propiedad Industrial (IMPI), anunci\u00f3 que en las siguientes semanas se realizar\u00e1n m\u00e1s operativos para incautar m\u00e1s mercanc\u00eda ilegal proveniente de Asia.<\/p>\n<p>El funcionario, quien asisti\u00f3 a la la toma de compromiso de Juan Jos\u00e9 Sierra \u00c1lvarez, como nuevo dirigente de la Confederaci\u00f3n Patronal de la Rep\u00fablica Mexicana (Coparmex), coment\u00f3 que por cuestiones del proceso, no se pueden revelar en qu\u00e9 entidades federativas y ciudades actuar\u00e1 la autoridad.<\/p>\n<p>Apunt\u00f3 que en marzo se espera que sean destruidas las 264 mil piezas que fueron aseguradas en una plaza de Izazaga, en el Centro Hist\u00f3rico de la Ciudad de M\u00e9xico, pero no se ha procedido debido que el tr\u00e1mite contin\u00faa.<\/p>\n<p>\u201cLa pr\u00f3xima semana vamos a tener un operativo en un estado y estamos programando uno para la primera semana de febrero\u201d, indic\u00f3.<\/p>\n<p>Subray\u00f3 que lo importante de estas acciones es mandar un mensaje que la propiedad idustrial se protege en territorio mexicano, como lo ha instruido la presidenta Claudia Sheinbaum.<\/p>\n<p>Detall\u00f3 que el IMPI est\u00e1 con la Agencia Nacional de Aduanas de M\u00e9xico y han identificado a 10 agencias aduanales particulares que han estado introduciendo al pa\u00eds mercanc\u00eda pirata y de contrabando originaria de China.<\/p>\n<p>Adem\u00e1s se ha hallado que en el estado de Guanajuato una importadora se movi\u00f3 de de la ubicaci\u00f3n donde ten\u00eda registrado su domicilio fiscal.<\/p>\n<p>En ese sentido, se\u00f1al\u00f3 que ya se busca a los responsables que tienen el car\u00e1cter de personas f\u00edsicas y que constituyeron esa esa persona moral. Agreg\u00f3 que se tiene que probar su actuaci\u00f3n.<\/p>\n<p>\u201cSeguiremos generando los aseguramientos y por supuesto destruyendo el material pirata para cumplir con los con nuestras obligaciones internacionales\u201d, destac\u00f3.<\/p>\n","protected":false},"excerpt":{"rendered":"<p>Santiago Nieto Castillo, director general del Instituto Mexicano de la Propiedad Industrial (IMPI), anunci\u00f3 que en las siguientes semanas se<\/p>\n","protected":false},"author":4,"featured_media":48682,"comment_status":"closed","ping_status":"closed","sticky":false,"template":"","format":"standard","meta":{"colormag_page_container_layout":"default_layout","colormag_page_sidebar_layout":"default_layout","_jetpack_memberships_contains_paid_content":false,"footnotes":"","jetpack_publicize_message":"","jetpack_publicize_feature_enabled":true,"jetpack_social_post_already_shared":true,"jetpack_social_options":{"image_generator_settings":{"template":"highway","default_image_id":0,"font":"","enabled":false},"version":2}},"categories":[1947],"tags":[],"class_list":["post-48681","post","type-post","status-publish","format-standard","has-post-thumbnail","hentry","category-economia"],"jetpack_publicize_connections":[],"jetpack_featured_media_url":"https:\/\/noticiasveracruz.com\/wp-content\/uploads\/2025\/01\/pexels-photo-5869616-11-7-3-2-2-4-2-14.jpg","jetpack_sharing_enabled":true,"publishpress_future_action":{"enabled":false,"date":"2026-05-10 09:03:06","action":"change-status","newStatus":"draft","terms":[],"taxonomy":"category","extraData":[]},"publishpress_future_workflow_manual_trigger":{"enabledWorkflows":[]},"_links":{"self":[{"href":"https:\/\/noticiasveracruz.com\/index.php\/wp-json\/wp\/v2\/posts\/48681","targetHints":{"allow":["GET"]}}],"collection":[{"href":"https:\/\/noticiasveracruz.com\/index.php\/wp-json\/wp\/v2\/posts"}],"about":[{"href":"https:\/\/noticiasveracruz.com\/index.php\/wp-json\/wp\/v2\/types\/post"}],"author":[{"embeddable":true,"href":"https:\/\/noticiasveracruz.com\/index.php\/wp-json\/wp\/v2\/users\/4"}],"replies":[{"embeddable":true,"href":"https:\/\/noticiasveracruz.com\/index.php\/wp-json\/wp\/v2\/comments?post=48681"}],"version-history":[{"count":0,"href":"https:\/\/noticiasveracruz.com\/index.php\/wp-json\/wp\/v2\/posts\/48681\/revisions"}],"wp:featuredmedia":[{"embeddable":true,"href":"https:\/\/noticiasveracruz.com\/index.php\/wp-json\/wp\/v2\/media\/48682"}],"wp:attachment":[{"href":"https:\/\/noticiasveracruz.com\/index.php\/wp-json\/wp\/v2\/media?parent=48681"}],"wp:term":[{"taxonomy":"category","embeddable":true,"href":"https:\/\/noticiasveracruz.com\/index.php\/wp-json\/wp\/v2\/categories?post=48681"},{"taxonomy":"post_tag","embeddable":true,"href":"https:\/\/noticiasveracruz.com\/index.php\/wp-json\/wp\/v2\/tags?post=48681"}],"curies":[{"name":"wp","href":"https:\/\/api.w.org\/{rel}","templated":true}]}}