{"id":48675,"date":"2025-01-24T00:09:04","date_gmt":"2025-01-24T06:09:04","guid":{"rendered":"https:\/\/noticiasveracruz.com\/?p=48675"},"modified":"2025-01-23T22:37:07","modified_gmt":"2025-01-24T04:37:07","slug":"shcp-plan-mexico-capaz-de-impulsar-pib-de-los-tres-socios-del-t-mec","status":"publish","type":"post","link":"https:\/\/noticiasveracruz.com\/index.php\/2025\/01\/24\/shcp-plan-mexico-capaz-de-impulsar-pib-de-los-tres-socios-del-t-mec\/","title":{"rendered":"SHCP: Plan M\u00e9xico, capaz de impulsar PIB de los tres socios del T-MEC"},"content":{"rendered":"<p dir=\"auto\">Con el Plan M\u00e9xico no s\u00f3lo permitir\u00e1 el crecimiento econ\u00f3mico de los tres pa\u00edses integrantes del T-MEC, sino que tambi\u00e9n se rescatar\u00e1n empleos perdidos en la manufactura, se\u00f1al\u00f3 Rogelio R\u00e1mirez de la O, titular de la Secretar\u00eda de Hacienda, quien tambi\u00e9n coment\u00f3 que M\u00e9xico ya est\u00e1 listo para la relocalizaci\u00f3n debido a la\u00a0 infraestructura que se construy\u00f3 en la pasada administraci\u00f3n federal.<\/p>\n<p>\u201cSi todo Am\u00e9rica del Norte, es decir, Canad\u00e1 Estados Unidos y M\u00e9xico conjuntamente nos proponemos rescatar y producir en la regi\u00f3n tan solo el 10 por ciento de lo que se importa de China, M\u00e9xico aumentar\u00eda su crecimiento del producto interno pruto en 1.4 puntos porcentuales (PIB), superior a lo que ha mostrado en los \u00faltimos 20 a\u00f1os. La Uni\u00f3n Americana recuperar\u00edan en 0.8 puntos porcentuales y Canad\u00e1 lo har\u00eda en 0.2 puntos porcentuales\u201d, dijo al participar en la toma de compromiso de Juan Jos\u00e9 \u00c1lvarez Sierra como nuevo dirigente de la Confederaci\u00f3n Patronal de la Rep\u00fablica Mexicana (Coparmex).<\/p>\n<p>Apunt\u00f3 que en el territorio nacional el n\u00famero de puestos de trabajo crecer\u00eda 520 mil, pero tambi\u00e9n Estados Unidos generar\u00eda 600 mil personas y Canad\u00e1 en 260 mil.<\/p>\n<p>\u201cM\u00e9xico tiene hoy la oportunidad de consolidarse en sectores estrat\u00e9gicos como la manufactura avanzada, las energ\u00edas renovables, la tecnolog\u00eda y la log\u00edstica\u201d, resalt\u00f3 el funcionario tras recordar que el potencial de la naci\u00f3n es grande, pero para ello se requieren encadenamientos productivos s\u00f3lidos, innovaci\u00f3n y un enfoque de planeaci\u00f3n para el Desarrollo.<\/p>\n<p>Subray\u00f3 que desde el gobierno de la presidenta Claudia Sheinbaum Pardo han dise\u00f1ado planes y pol\u00edticas orientadas a fortalecer estas \u00e1reas clave. \u201cNo obstante sabemos que para lograr este objetivo las empresarias y empresarios deben apostar por M\u00e9xico e involucrarse activamente con su compromiso y una estrategia compartida transformaremos los retos en oportunidades\u201d, dijo.<\/p>\n<p>El titular de Hacienda coment\u00f3 que el Plan M\u00e9xico tiene sus antecedentes en la pasada administraci\u00f3n, debido a que varios productos de manufactura, como licuadoras y estufas, eran dif\u00edciles de conseguir debido a loes estragos que caus\u00f3 la pandemia del COVID-19. \u201cEst\u00e1bamos supeditados a una oferta China, pues la manufactura emigr\u00f3 hace muchos a\u00f1os a China pero ya ahora en estas alturas del mundo, los fletes y la log\u00edstica no la hacen tan competitiva\u201d, dijo..<\/p>\n<p>\u201cLos pa\u00edses que perdimos industria con China hoy tenemos oportunidad de recuperar y no se trata de sustituir importaciones en un programa ciego, se trata de identificar en d\u00f3nde est\u00e1n las oportunidades\u201d, destac\u00f3.<\/p>\n<p>Explic\u00f3 que la presidenta Sheinbaum Pardo rescat\u00f3 el esbozo del Plan creado en la administraci\u00f3n anterior, pero ahora, sumado a la infraestructura que se edific\u00f3 en el mandato de Andr\u00e9s Manuel L\u00f3pez Obrador, se busca poner en pr\u00e1ctica, pues se busca impulsa parques industriales en donde hay infraestructura, como puestos mar\u00edtimos, el Corredor del Istmo de Tehuantepec, la modernizaci\u00f3n de africanas, entre otras.<\/p>\n<p>\u201cAhora es la oportunidad de rescatar ese planteamiento y as\u00ed lo hemos hecho y este es el marco global en el que descansa el Plan M\u00e9xico\u201d, dijo.<\/p>\n<p>\u201cEsta infraestructura ya est\u00e1 ah\u00ed, lo que requiere ahora y la Presidenta doctora claudia, Sheinbaum Pardo est\u00e1 pasando a la etapa de implementaci\u00f3n y por eso es que el llamado que ha hecho es a los empresarios de M\u00e9xico, pero tambi\u00e9n lo estamos haciendo en el mundo global\u201d, se\u00f1al\u00f3. Apunt\u00f3 que es necesario el apoyo de Coparmex y su nueva dirigencia.<\/p>\n","protected":false},"excerpt":{"rendered":"<p>Con el Plan M\u00e9xico no s\u00f3lo permitir\u00e1 el crecimiento econ\u00f3mico de los tres pa\u00edses integrantes del T-MEC, sino que tambi\u00e9n<\/p>\n","protected":false},"author":4,"featured_media":48676,"comment_status":"closed","ping_status":"closed","sticky":false,"template":"","format":"standard","meta":{"colormag_page_container_layout":"default_layout","colormag_page_sidebar_layout":"default_layout","_jetpack_memberships_contains_paid_content":false,"footnotes":"","jetpack_publicize_message":"","jetpack_publicize_feature_enabled":true,"jetpack_social_post_already_shared":true,"jetpack_social_options":{"image_generator_settings":{"template":"highway","default_image_id":0,"font":"","enabled":false},"version":2}},"categories":[1947],"tags":[],"class_list":["post-48675","post","type-post","status-publish","format-standard","has-post-thumbnail","hentry","category-economia"],"jetpack_publicize_connections":[],"jetpack_featured_media_url":"https:\/\/noticiasveracruz.com\/wp-content\/uploads\/2025\/01\/679301789835b.r_d.743-656-4265.png","jetpack_sharing_enabled":true,"publishpress_future_action":{"enabled":false,"date":"2026-05-10 06:48:07","action":"change-status","newStatus":"draft","terms":[],"taxonomy":"category","extraData":[]},"publishpress_future_workflow_manual_trigger":{"enabledWorkflows":[]},"_links":{"self":[{"href":"https:\/\/noticiasveracruz.com\/index.php\/wp-json\/wp\/v2\/posts\/48675","targetHints":{"allow":["GET"]}}],"collection":[{"href":"https:\/\/noticiasveracruz.com\/index.php\/wp-json\/wp\/v2\/posts"}],"about":[{"href":"https:\/\/noticiasveracruz.com\/index.php\/wp-json\/wp\/v2\/types\/post"}],"author":[{"embeddable":true,"href":"https:\/\/noticiasveracruz.com\/index.php\/wp-json\/wp\/v2\/users\/4"}],"replies":[{"embeddable":true,"href":"https:\/\/noticiasveracruz.com\/index.php\/wp-json\/wp\/v2\/comments?post=48675"}],"version-history":[{"count":0,"href":"https:\/\/noticiasveracruz.com\/index.php\/wp-json\/wp\/v2\/posts\/48675\/revisions"}],"wp:featuredmedia":[{"embeddable":true,"href":"https:\/\/noticiasveracruz.com\/index.php\/wp-json\/wp\/v2\/media\/48676"}],"wp:attachment":[{"href":"https:\/\/noticiasveracruz.com\/index.php\/wp-json\/wp\/v2\/media?parent=48675"}],"wp:term":[{"taxonomy":"category","embeddable":true,"href":"https:\/\/noticiasveracruz.com\/index.php\/wp-json\/wp\/v2\/categories?post=48675"},{"taxonomy":"post_tag","embeddable":true,"href":"https:\/\/noticiasveracruz.com\/index.php\/wp-json\/wp\/v2\/tags?post=48675"}],"curies":[{"name":"wp","href":"https:\/\/api.w.org\/{rel}","templated":true}]}}