{"id":48666,"date":"2025-01-24T00:06:29","date_gmt":"2025-01-24T06:06:29","guid":{"rendered":"https:\/\/noticiasveracruz.com\/?p=48666"},"modified":"2025-01-23T22:25:29","modified_gmt":"2025-01-24T04:25:29","slug":"tepjf-a-la-espera-de-respuesta-de-comite-de-evualuacion-del-pjf","status":"publish","type":"post","link":"https:\/\/noticiasveracruz.com\/index.php\/2025\/01\/24\/tepjf-a-la-espera-de-respuesta-de-comite-de-evualuacion-del-pjf\/","title":{"rendered":"TEPJF, a la espera de respuesta de Comit\u00e9 de Evualuaci\u00f3n del PJF"},"content":{"rendered":"<p class=\"western\">La Sala Superior del Tribunal Electoral del Poder Judicial de la Federaci\u00f3n (TEPJF) notific\u00f3 hoy a las nueve de la ma\u00f1ana su determinaci\u00f3n al Comit\u00e9 de Evaluaci\u00f3n de este poder para que reactive los trabajos de selecci\u00f3n de candidatos a la elecci\u00f3n judicial, y esperar\u00e1 a este viernes, cuando se haya cumplido plazo establecido para el cumplimiento de la indicaci\u00f3n, para actuar en consecuencia.<\/p>\n<p class=\"western\">Horas antes el Comit\u00e9 anunci\u00f3 que no acatar\u00e1 la resoluci\u00f3n de los magistrados electorales, al considerar que existe una contradicci\u00f3n de criterios y, por tanto, interpondr\u00e1 una controversia ante la Suprema Corte de Justicia de la Naci\u00f3n para que sea esa instancia la que aclare las competencias tanto del TEPJF como del juez de distrito que orden\u00f3 a los tres comit\u00e9s de evaluaci\u00f3n suspender trabajos.<\/p>\n<p class=\"western\">La Sala Superior emiti\u00f3 una breve tarjeta informativa, de escasos dos p\u00e1rrafos, en la cual subraya que \u201cno har\u00e1 pronunciamientos p\u00fablicos hasta no ver cumplidos los plazos y analizar el fondo jur\u00eddico de este asunto\u201d.<\/p>\n<p class=\"western\">Agreg\u00f3 que \u201cesta autoridad jurisdiccional reitera su absoluto apego al marco constitucional y a las leyes que de \u00e9l emanan\u201d.<\/p>\n<p class=\"western\">En la v\u00edspera, el magistrado Felipe Fuentes se refiri\u00f3 a la existencia de un marco legal frente a desacatos; las medidas de apremio y correcciones disciplinarias que marca el art\u00edculo 32 de la Ley General del Sistema de Medios de Impugnaci\u00f3n en Materia Electoral, para hacer cumplir las sentencias del TEPJF, son las siguientes:<\/p>\n<p class=\"western\">Apercibimiento, amonestaci\u00f3n, multa de 50 hasta 5 mil Unidad de Medida y Actualizaci\u00f3n (Umas), y el doble en caso de reincidencia; auxilio de la fuerza p\u00fablica; y arresto hasta por 36 horas.<\/p>\n","protected":false},"excerpt":{"rendered":"<p>La Sala Superior del Tribunal Electoral del Poder Judicial de la Federaci\u00f3n (TEPJF) notific\u00f3 hoy a las nueve de la<\/p>\n","protected":false},"author":4,"featured_media":48667,"comment_status":"closed","ping_status":"closed","sticky":false,"template":"","format":"standard","meta":{"colormag_page_container_layout":"default_layout","colormag_page_sidebar_layout":"default_layout","_jetpack_memberships_contains_paid_content":false,"footnotes":"","jetpack_publicize_message":"","jetpack_publicize_feature_enabled":true,"jetpack_social_post_already_shared":true,"jetpack_social_options":{"image_generator_settings":{"template":"highway","default_image_id":0,"font":"","enabled":false},"version":2}},"categories":[4],"tags":[],"class_list":["post-48666","post","type-post","status-publish","format-standard","has-post-thumbnail","hentry","category-nacional"],"jetpack_publicize_connections":[],"jetpack_featured_media_url":"https:\/\/noticiasveracruz.com\/wp-content\/uploads\/2025\/01\/ImageTransformer.jpg","jetpack_sharing_enabled":true,"publishpress_future_action":{"enabled":false,"date":"2026-05-08 12:24:53","action":"change-status","newStatus":"draft","terms":[],"taxonomy":"category","extraData":[]},"publishpress_future_workflow_manual_trigger":{"enabledWorkflows":[]},"_links":{"self":[{"href":"https:\/\/noticiasveracruz.com\/index.php\/wp-json\/wp\/v2\/posts\/48666","targetHints":{"allow":["GET"]}}],"collection":[{"href":"https:\/\/noticiasveracruz.com\/index.php\/wp-json\/wp\/v2\/posts"}],"about":[{"href":"https:\/\/noticiasveracruz.com\/index.php\/wp-json\/wp\/v2\/types\/post"}],"author":[{"embeddable":true,"href":"https:\/\/noticiasveracruz.com\/index.php\/wp-json\/wp\/v2\/users\/4"}],"replies":[{"embeddable":true,"href":"https:\/\/noticiasveracruz.com\/index.php\/wp-json\/wp\/v2\/comments?post=48666"}],"version-history":[{"count":0,"href":"https:\/\/noticiasveracruz.com\/index.php\/wp-json\/wp\/v2\/posts\/48666\/revisions"}],"wp:featuredmedia":[{"embeddable":true,"href":"https:\/\/noticiasveracruz.com\/index.php\/wp-json\/wp\/v2\/media\/48667"}],"wp:attachment":[{"href":"https:\/\/noticiasveracruz.com\/index.php\/wp-json\/wp\/v2\/media?parent=48666"}],"wp:term":[{"taxonomy":"category","embeddable":true,"href":"https:\/\/noticiasveracruz.com\/index.php\/wp-json\/wp\/v2\/categories?post=48666"},{"taxonomy":"post_tag","embeddable":true,"href":"https:\/\/noticiasveracruz.com\/index.php\/wp-json\/wp\/v2\/tags?post=48666"}],"curies":[{"name":"wp","href":"https:\/\/api.w.org\/{rel}","templated":true}]}}