{"id":48663,"date":"2025-01-24T00:05:51","date_gmt":"2025-01-24T06:05:51","guid":{"rendered":"https:\/\/noticiasveracruz.com\/?p=48663"},"modified":"2025-01-23T22:23:01","modified_gmt":"2025-01-24T04:23:01","slug":"necesarios-mas-recursos-en-ine-para-atender-repatriados-castillo","status":"publish","type":"post","link":"https:\/\/noticiasveracruz.com\/index.php\/2025\/01\/24\/necesarios-mas-recursos-en-ine-para-atender-repatriados-castillo\/","title":{"rendered":"Necesarios m\u00e1s recursos en INE para atender repatriados: Castillo"},"content":{"rendered":"<p class=\"western\">Arturo Castillo, consejero del Instituto Nacional Electoral (INE), presidente de la comisi\u00f3n del Registro Federal de Electores (RFE), subray\u00f3 que la atenci\u00f3n a migrantes repatriados requiere de mayores recursos, sobretodo para ampliar los horarios de los m\u00f3dulos de atenci\u00f3n del INE ubicados en la frontera norte.<\/p>\n<p class=\"western\">Record\u00f3 que si bien desde 2017 el INE dise\u00f1\u00f3 una v\u00eda para atender este tipo de situaciones, ahora es necesario agilizar el tr\u00e1mite para expedir las credenciales para votar con fotograf\u00eda, el principal documento de identidad en M\u00e9xico.<\/p>\n<p class=\"western\">\u201cDesde hace algunas semanas solicit\u00e9 a la Secretar\u00eda Ejecutiva y tambi\u00e9n platicamos con la direcci\u00f3n ejecutiva del RFE sobre la necesidad de implementar una estrategia o tener lista una estrategia de atenci\u00f3n a personas repatriadas, ante las circunstancias que estamos viviendo a nivel internacional\u201d, se\u00f1al\u00f3.<\/p>\n<p class=\"western\">Durante la sesi\u00f3n de la comisi\u00f3n que preside, el consejero dijo que la estrategia pasa por una intensa campa\u00f1a de informaci\u00f3n y el fortalecimiento del personal, con horarios m\u00e1s extensos, en los m\u00f3dulos del INE.<\/p>\n<p class=\"western\">Subray\u00f3 que estas actividades \u201cs\u00ed requiere de una ampliaci\u00f3n presupuestal\u201d; indic\u00f3 que hay ya 48 m\u00f3dulos de atenci\u00f3n ciudadana trabajando en los estados fronterizos del norte\u201d, m\u00e1s los que operan en el resto del territorio nacional.<\/p>\n<p class=\"western\">El director ejecutivo del RFE, Alejandro Sosa Dur\u00e1n, present\u00f3 un informe de la primera etapa de este operativo especial, sobre todo para que los repatriados de Estados Unidos conozcan sus derechos de solicitar o reponer una credencial para votar.<\/p>\n<p class=\"western\">Entre las acciones principales para fortalecer el punto anterior destaca la colocaci\u00f3n de carteles y entrega de folletos informativos, as\u00ed como la atenci\u00f3n prioritaria a repatriados.<\/p>\n<p class=\"western\">Marco Tulio Chac\u00f3n, representante del PAN, dijo que la expedici\u00f3n de credenciales tiene que ser apegada a los requisitos ordinarios, como medio de identificaci\u00f3n, y as\u00ed se tiene que establecer claramente en la campa\u00f1a de informaci\u00f3n.<\/p>\n<p class=\"western\">\u201cLuego se da una confusi\u00f3n, de que con la calidad de repatriado gozan de alg\u00fan beneficio distinto dada su condici\u00f3n, por lo que incluso llegan (al m\u00f3dulo) sin ning\u00fan documento. Su condici\u00f3n es vulnerable en muchos sentidos pero el servicio que se va a ofrecer es un tr\u00e1mite ordinario, como si acudiera cualquier mexicano a realizar un tr\u00e1mite registral ante los m\u00f3dulos de atenci\u00f3n ciudadana\u201d.<\/p>\n<p class=\"western\">Antes, en otro tema, se presentaron informes del RFE y su plan de trabajo para 2025.<\/p>\n<p class=\"western\">El padr\u00f3n tiene actualmente 101 millones de registros y la lista nominal (con credenciales actualizadas) 99.3 millones; tan solo en el \u00faltimo tramo del a\u00f1o pasado se registraron 4 millones de personas, 804 de estas no binarias y 106, personas trans.<\/p>\n<p class=\"western\">El pa\u00eds est\u00e1 dividido en t\u00e9rminos electorales en 71 mil 541 secciones, ubicadas en 2 mil 477 municipios.<\/p>\n<p class=\"western\">Igualmente, tan solo en el \u00faltimo trimestre del a\u00f1o pasado, 143 instituciones realizaron 2.3 millones de consultas al padr\u00f3n, para verificar datos.<\/p>\n<p class=\"western\">En otro tema, se inform\u00f3 que una de las tareas que estaba anulada a consecuencia del recorte presupuestal la verificaci\u00f3n nacional muestral del padr\u00f3n; sin embargo, tras algunos ajustes, este mecanismo s\u00ed se llevar\u00e1 a cabo, al considerar que es un paso fundamental para declarar la validez del padr\u00f3n para la elecci\u00f3n judicial del 1 de junio.<\/p>\n","protected":false},"excerpt":{"rendered":"<p>Arturo Castillo, consejero del Instituto Nacional Electoral (INE), presidente de la comisi\u00f3n del Registro Federal de Electores (RFE), subray\u00f3 que<\/p>\n","protected":false},"author":4,"featured_media":48664,"comment_status":"closed","ping_status":"closed","sticky":false,"template":"","format":"standard","meta":{"colormag_page_container_layout":"default_layout","colormag_page_sidebar_layout":"default_layout","_jetpack_memberships_contains_paid_content":false,"footnotes":"","jetpack_publicize_message":"","jetpack_publicize_feature_enabled":true,"jetpack_social_post_already_shared":true,"jetpack_social_options":{"image_generator_settings":{"template":"highway","default_image_id":0,"font":"","enabled":false},"version":2}},"categories":[4],"tags":[],"class_list":["post-48663","post","type-post","status-publish","format-standard","has-post-thumbnail","hentry","category-nacional"],"jetpack_publicize_connections":[],"jetpack_featured_media_url":"https:\/\/noticiasveracruz.com\/wp-content\/uploads\/2025\/01\/WhatsApp_Image_2024-11-02_at_17.14.43.jpeg","jetpack_sharing_enabled":true,"publishpress_future_action":{"enabled":false,"date":"2026-05-08 11:37:56","action":"change-status","newStatus":"draft","terms":[],"taxonomy":"category","extraData":[]},"publishpress_future_workflow_manual_trigger":{"enabledWorkflows":[]},"_links":{"self":[{"href":"https:\/\/noticiasveracruz.com\/index.php\/wp-json\/wp\/v2\/posts\/48663","targetHints":{"allow":["GET"]}}],"collection":[{"href":"https:\/\/noticiasveracruz.com\/index.php\/wp-json\/wp\/v2\/posts"}],"about":[{"href":"https:\/\/noticiasveracruz.com\/index.php\/wp-json\/wp\/v2\/types\/post"}],"author":[{"embeddable":true,"href":"https:\/\/noticiasveracruz.com\/index.php\/wp-json\/wp\/v2\/users\/4"}],"replies":[{"embeddable":true,"href":"https:\/\/noticiasveracruz.com\/index.php\/wp-json\/wp\/v2\/comments?post=48663"}],"version-history":[{"count":0,"href":"https:\/\/noticiasveracruz.com\/index.php\/wp-json\/wp\/v2\/posts\/48663\/revisions"}],"wp:featuredmedia":[{"embeddable":true,"href":"https:\/\/noticiasveracruz.com\/index.php\/wp-json\/wp\/v2\/media\/48664"}],"wp:attachment":[{"href":"https:\/\/noticiasveracruz.com\/index.php\/wp-json\/wp\/v2\/media?parent=48663"}],"wp:term":[{"taxonomy":"category","embeddable":true,"href":"https:\/\/noticiasveracruz.com\/index.php\/wp-json\/wp\/v2\/categories?post=48663"},{"taxonomy":"post_tag","embeddable":true,"href":"https:\/\/noticiasveracruz.com\/index.php\/wp-json\/wp\/v2\/tags?post=48663"}],"curies":[{"name":"wp","href":"https:\/\/api.w.org\/{rel}","templated":true}]}}